{"id":6761,"date":"2018-05-03T15:43:40","date_gmt":"2018-05-03T19:43:40","guid":{"rendered":"http:\/\/santemc.quebec\/icentre\/?p=6761"},"modified":"2018-05-03T15:44:15","modified_gmt":"2018-05-03T19:44:15","slug":"ce-samedi-invitez-vos-amis-a-decouvrir-le-soutien-a-domicile","status":"publish","type":"post","link":"https:\/\/santemc.quebec\/icentre\/ce-samedi-invitez-vos-amis-a-decouvrir-le-soutien-a-domicile\/","title":{"rendered":"Ce samedi, invitez vos amis \u00e0 d\u00e9couvrir le soutien \u00e0 domicile!"},"content":{"rendered":"<p><a href=\"http:\/\/santemc.quebec\/santemc\/icentre\/wp-content\/uploads\/2018\/05\/rappel_SAD.png\"><img decoding=\"async\" loading=\"lazy\" class=\"alignleft wp-image-6762 size-thumbnail\" src=\"http:\/\/santemc.quebec\/santemc\/icentre\/wp-content\/uploads\/2018\/05\/rappel_SAD-150x150.png\" alt=\"\" width=\"150\" height=\"150\" srcset=\"https:\/\/santemc.quebec\/santemc\/icentre\/wp-content\/uploads\/2018\/05\/rappel_SAD-150x150.png 150w, https:\/\/santemc.quebec\/santemc\/icentre\/wp-content\/uploads\/2018\/05\/rappel_SAD-300x300.png 300w, https:\/\/santemc.quebec\/santemc\/icentre\/wp-content\/uploads\/2018\/05\/rappel_SAD.png 568w\" sizes=\"(max-width: 150px) 100vw, 150px\" \/><\/a>C\u2019est ce samedi 5 mai qu\u2019aura lieu la journ\u00e9e de l\u2019emploi pour le secteur du soutien \u00e0 domicile. L\u2019objectif de cet \u00e9v\u00e9nement qui se d\u00e9roule simultan\u00e9ment dans deux CLSC (Vall\u00e9e-des-Forts et Samuel-de-Champlain) est de recruter une trentaine de candidats.<\/p>\n<p><!--more--><\/p>\n<p>L\u2019\u00e9quipe du soutien \u00e0 domicile et celle de la dotation seront sur place samedi pour accueillir les visiteurs, leur faire d\u00e9couvrir les particularit\u00e9s de la pratique en soutien \u00e0 domicile et les rencontrer pour une entrevue. Le secteur du soutien \u00e0 domicile recherche principalement des infirmi\u00e8res, des infirmi\u00e8res auxiliaires et des auxiliaires en sant\u00e9 et services sociaux (ASSS). Des emplois sont aussi disponibles pour des travailleurs sociaux, inhaloth\u00e9rapeutes, nutritionnistes, ergoth\u00e9rapeutes, et plusieurs autres titres d\u2019emploi.<\/p>\n<p>Si vous avez des amis ou des proches int\u00e9ress\u00e9s \u00e0 travailler dans le secteur du soutien \u00e0 domicile, n\u2019h\u00e9sitez pas \u00e0 leur partager notre publication Facebook\u00a0: <a href=\"http:\/\/www.facebook.com\/cisssmc\/\" target=\"_blank\" rel=\"noopener\">www.facebook.com\/cisssmc\/<\/a><\/p>\n","protected":false},"excerpt":{"rendered":"<p>C\u2019est ce samedi 5 mai qu\u2019aura lieu la journ\u00e9e de l\u2019emploi pour le secteur du soutien \u00e0 domicile. L\u2019objectif de cet \u00e9v\u00e9nement qui se d\u00e9roule simultan\u00e9ment dans deux CLSC (Vall\u00e9e-des-Forts et Samuel-de-Champlain) est de recruter une trentaine de candidats.<\/p>\n","protected":false},"author":9,"featured_media":0,"comment_status":"open","ping_status":"closed","sticky":false,"template":"","format":"standard","meta":{"footnotes":""},"categories":[1],"tags":[],"_links":{"self":[{"href":"https:\/\/santemc.quebec\/icentre\/wp-json\/wp\/v2\/posts\/6761"}],"collection":[{"href":"https:\/\/santemc.quebec\/icentre\/wp-json\/wp\/v2\/posts"}],"about":[{"href":"https:\/\/santemc.quebec\/icentre\/wp-json\/wp\/v2\/types\/post"}],"author":[{"embeddable":true,"href":"https:\/\/santemc.quebec\/icentre\/wp-json\/wp\/v2\/users\/9"}],"replies":[{"embeddable":true,"href":"https:\/\/santemc.quebec\/icentre\/wp-json\/wp\/v2\/comments?post=6761"}],"version-history":[{"count":2,"href":"https:\/\/santemc.quebec\/icentre\/wp-json\/wp\/v2\/posts\/6761\/revisions"}],"predecessor-version":[{"id":6764,"href":"https:\/\/santemc.quebec\/icentre\/wp-json\/wp\/v2\/posts\/6761\/revisions\/6764"}],"wp:attachment":[{"href":"https:\/\/santemc.quebec\/icentre\/wp-json\/wp\/v2\/media?parent=6761"}],"wp:term":[{"taxonomy":"category","embeddable":true,"href":"https:\/\/santemc.quebec\/icentre\/wp-json\/wp\/v2\/categories?post=6761"},{"taxonomy":"post_tag","embeddable":true,"href":"https:\/\/santemc.quebec\/icentre\/wp-json\/wp\/v2\/tags?post=6761"}],"curies":[{"name":"wp","href":"https:\/\/api.w.org\/{rel}","templated":true}]}}