{"id":6767,"date":"2018-05-07T09:36:35","date_gmt":"2018-05-07T13:36:35","guid":{"rendered":"http:\/\/santemc.quebec\/icentre\/?p=6767"},"modified":"2018-05-07T09:38:36","modified_gmt":"2018-05-07T13:38:36","slug":"semaine-nationale-de-la-sante-mentale-agir-pour-donner-du-sens","status":"publish","type":"post","link":"https:\/\/santemc.quebec\/icentre\/semaine-nationale-de-la-sante-mentale-agir-pour-donner-du-sens\/","title":{"rendered":"Semaine nationale de la sant\u00e9 mentale : agir pour donner du sens"},"content":{"rendered":"<p><a href=\"http:\/\/santemc.quebec\/santemc\/icentre\/wp-content\/uploads\/2018\/05\/visuel_santementale_2018.jpg\"><img decoding=\"async\" loading=\"lazy\" class=\"size-medium wp-image-6769 alignleft\" src=\"http:\/\/santemc.quebec\/santemc\/icentre\/wp-content\/uploads\/2018\/05\/visuel_santementale_2018-170x300.jpg\" alt=\"\" width=\"170\" height=\"300\" srcset=\"https:\/\/santemc.quebec\/santemc\/icentre\/wp-content\/uploads\/2018\/05\/visuel_santementale_2018-170x300.jpg 170w, https:\/\/santemc.quebec\/santemc\/icentre\/wp-content\/uploads\/2018\/05\/visuel_santementale_2018.jpg 415w\" sizes=\"(max-width: 170px) 100vw, 170px\" \/><\/a>Les d\u00e9fis et enjeux associ\u00e9s \u00e0 la d\u00e9tresse psychologique et aux probl\u00e8mes de sant\u00e9 mentale sont de plus en plus nombreux. Heureusement, de grandes campagnes de sensibilisation et de d\u00e9stigmatisation contribuent \u00e0 faire tomber les tabous et les pr\u00e9jug\u00e9s. La Semaine nationale de la sant\u00e9 mentale est un de ces moments phares dans l\u2019ann\u00e9e.<\/p>\n<p>Organis\u00e9e sous le th\u00e8me \u00ab\u00a0Agir pour donner du sens\u00a0\u00bb, la Semaine se tient du 7 au 13 mai 2018. \u00c0 cette occasion, le Mouvement Sant\u00e9 mentale Qu\u00e9bec souhaite sensibiliser les Qu\u00e9b\u00e9cois \u00e0 l\u2019importance de l\u2019action et de la motivation, lorsqu\u2019il est question d\u2019\u00e9quilibre et de sant\u00e9 mentale.<\/p>\n<p><!--more--><\/p>\n<p>La motivation et le sens donn\u00e9 aux actions sont des facteurs de protection reconnus pour pr\u00e9server son \u00e9quilibre et sa sant\u00e9 mentale. Le simple fait que les actions pos\u00e9es aient un sens pour l\u2019individu qui les pose contribue directement au sentiment d\u2019autonomie, de comp\u00e9tence ou d\u2019affiliation sociale de cette personne, lesquels sentiments sont intimement li\u00e9s aux besoins psychologiques fondamentaux.<\/p>\n<p>Pour plus d\u2019informations sur la semaine, nous vous invitons \u00e0 consulter le\u00a0: <a href=\"http:\/\/www.mouvementsmq.ca\" target=\"_blank\" rel=\"noopener\">www.mouvementsmq.ca<\/a><\/p>\n<p>Nous profitons de l\u2019occasion pour remercier les \u00e9quipes qui \u0153uvrent, de pr\u00e8s et de loin, avec cette client\u00e8le.<\/p>\n<p><strong>Programme d\u2019aide aux employ\u00e9s (PAE)<\/strong><br \/>\nLe CISSS de la Mont\u00e9r\u00e9gie-Centre offre \u00e0 tous ses employ\u00e9s un programme d\u2019aide gratuit (Homewood Sant\u00e9) pour vous soutenir et vous \u00e9couter. Vous pouvez joindre le PAE tout \u00e0 fait librement, de mani\u00e8re confidentielle et en toute confiance, 24 heures par jour, 7 jours par semaine, au : 1 866 863-1486<\/p>\n","protected":false},"excerpt":{"rendered":"<p>Les d\u00e9fis et enjeux associ\u00e9s \u00e0 la d\u00e9tresse psychologique et aux probl\u00e8mes de sant\u00e9 mentale sont de plus en plus nombreux. Heureusement, de grandes campagnes de sensibilisation et de d\u00e9stigmatisation contribuent \u00e0 faire tomber les tabous et les pr\u00e9jug\u00e9s. La &hellip; <a href=\"https:\/\/santemc.quebec\/icentre\/semaine-nationale-de-la-sante-mentale-agir-pour-donner-du-sens\/\">Continuer la lecture <span class=\"meta-nav\">&rarr;<\/span><\/a><\/p>\n","protected":false},"author":9,"featured_media":0,"comment_status":"open","ping_status":"closed","sticky":false,"template":"","format":"standard","meta":{"footnotes":""},"categories":[1],"tags":[],"_links":{"self":[{"href":"https:\/\/santemc.quebec\/icentre\/wp-json\/wp\/v2\/posts\/6767"}],"collection":[{"href":"https:\/\/santemc.quebec\/icentre\/wp-json\/wp\/v2\/posts"}],"about":[{"href":"https:\/\/santemc.quebec\/icentre\/wp-json\/wp\/v2\/types\/post"}],"author":[{"embeddable":true,"href":"https:\/\/santemc.quebec\/icentre\/wp-json\/wp\/v2\/users\/9"}],"replies":[{"embeddable":true,"href":"https:\/\/santemc.quebec\/icentre\/wp-json\/wp\/v2\/comments?post=6767"}],"version-history":[{"count":3,"href":"https:\/\/santemc.quebec\/icentre\/wp-json\/wp\/v2\/posts\/6767\/revisions"}],"predecessor-version":[{"id":6772,"href":"https:\/\/santemc.quebec\/icentre\/wp-json\/wp\/v2\/posts\/6767\/revisions\/6772"}],"wp:attachment":[{"href":"https:\/\/santemc.quebec\/icentre\/wp-json\/wp\/v2\/media?parent=6767"}],"wp:term":[{"taxonomy":"category","embeddable":true,"href":"https:\/\/santemc.quebec\/icentre\/wp-json\/wp\/v2\/categories?post=6767"},{"taxonomy":"post_tag","embeddable":true,"href":"https:\/\/santemc.quebec\/icentre\/wp-json\/wp\/v2\/tags?post=6767"}],"curies":[{"name":"wp","href":"https:\/\/api.w.org\/{rel}","templated":true}]}}