{"id":6818,"date":"2018-05-15T09:57:48","date_gmt":"2018-05-15T13:57:48","guid":{"rendered":"http:\/\/santemc.quebec\/icentre\/?p=6818"},"modified":"2018-05-15T09:57:48","modified_gmt":"2018-05-15T13:57:48","slug":"mme-nicole-mongeon-vice-presidente-du-conseil-dadministration-du-cisss-de-la-monteregie-centre-recoit-la-medaille-du-lieutenant-gouverneur-pour-les-aines","status":"publish","type":"post","link":"https:\/\/santemc.quebec\/icentre\/mme-nicole-mongeon-vice-presidente-du-conseil-dadministration-du-cisss-de-la-monteregie-centre-recoit-la-medaille-du-lieutenant-gouverneur-pour-les-aines\/","title":{"rendered":"Mme Nicole Mongeon, vice-pr\u00e9sidente du conseil d\u2019administration du CISSS de la Mont\u00e9r\u00e9gie-Centre, re\u00e7oit la M\u00e9daille du Lieutenant-gouverneur pour les a\u00een\u00e9s"},"content":{"rendered":"<div id=\"attachment_6819\" style=\"width: 310px\" class=\"wp-caption alignleft\"><a href=\"http:\/\/santemc.quebec\/santemc\/icentre\/wp-content\/uploads\/2018\/05\/Nicole-Mongeon_medaille_lieutenant_gouverneur.jpg\"><img aria-describedby=\"caption-attachment-6819\" decoding=\"async\" loading=\"lazy\" class=\"wp-image-6819 size-medium\" src=\"http:\/\/santemc.quebec\/santemc\/icentre\/wp-content\/uploads\/2018\/05\/Nicole-Mongeon_medaille_lieutenant_gouverneur-300x200.jpg\" alt=\"\" width=\"300\" height=\"200\" srcset=\"https:\/\/santemc.quebec\/santemc\/icentre\/wp-content\/uploads\/2018\/05\/Nicole-Mongeon_medaille_lieutenant_gouverneur-300x200.jpg 300w, https:\/\/santemc.quebec\/santemc\/icentre\/wp-content\/uploads\/2018\/05\/Nicole-Mongeon_medaille_lieutenant_gouverneur-768x512.jpg 768w, https:\/\/santemc.quebec\/santemc\/icentre\/wp-content\/uploads\/2018\/05\/Nicole-Mongeon_medaille_lieutenant_gouverneur-1024x683.jpg 1024w, https:\/\/santemc.quebec\/santemc\/icentre\/wp-content\/uploads\/2018\/05\/Nicole-Mongeon_medaille_lieutenant_gouverneur-450x300.jpg 450w, https:\/\/santemc.quebec\/santemc\/icentre\/wp-content\/uploads\/2018\/05\/Nicole-Mongeon_medaille_lieutenant_gouverneur.jpg 1320w\" sizes=\"(max-width: 300px) 100vw, 300px\" \/><\/a><p id=\"caption-attachment-6819\" class=\"wp-caption-text\">Mme Nicole Mongeon re\u00e7oit des mains de l\u2019honorable J. Michel Doyon la M\u00e9daille du Lieutenant-gouverneur pour les a\u00een\u00e9s.<\/p><\/div>\n<p>\u00c0 l\u2019occasion d\u2019une c\u00e9r\u00e9monie de remise de la M\u00e9daille du Lieutenant-gouverneur du Qu\u00e9bec, Mme Nicole Mongeon, vice-pr\u00e9sidente au conseil d\u2019administration du CISSS de la Mont\u00e9r\u00e9gie-Centre, s\u2019est vu remettre la M\u00e9daille du Lieutenant-gouverneur pour les a\u00een\u00e9s.<\/p>\n<p><!--more--><\/p>\n<p>Cette distinction est d\u00e9cern\u00e9e aux personnes qui, par leur action b\u00e9n\u00e9vole, ayant commenc\u00e9 ou s&rsquo;\u00e9tant poursuivie au-del\u00e0 de 64 ans, ont eu une influence positive dans leur communaut\u00e9.<\/p>\n<p>Lors de cette c\u00e9r\u00e9monie qui avait lieu le 29 avril dernier, l\u2019honorable J. Michel Doyon a remis des distinctions \u00e0 des citoyennes et des citoyens de la Mont\u00e9r\u00e9gie qui se sont illustr\u00e9s par leur engagement, leur d\u00e9termination et leur d\u00e9passement de soi.<\/p>\n<p>Toutes nos f\u00e9licitations \u00e0 Mme Nicole Mongeon qui, depuis plus de 25 ans, fait sa marque au sein du conseil d\u2019administration d\u2019organismes communautaires des domaines culturel et patrimonial, d&rsquo;institutions publiques en sant\u00e9 et en \u00e9ducation.<\/p>\n<p>Sa contribution continue au mieux-\u00eatre des citoyens du Haut-Richelieu et de la Mont\u00e9r\u00e9gie est un atout pour la haute direction, le conseil d\u2019administration et la population de la Mont\u00e9r\u00e9gie-Centre qui acc\u00e8de par le biais de son engagement \u00e0 des services et des soins de proximit\u00e9, s\u00e9curitaires, de qualit\u00e9 et continus.<\/p>\n","protected":false},"excerpt":{"rendered":"<p>\u00c0 l\u2019occasion d\u2019une c\u00e9r\u00e9monie de remise de la M\u00e9daille du Lieutenant-gouverneur du Qu\u00e9bec, Mme Nicole Mongeon, vice-pr\u00e9sidente au conseil d\u2019administration du CISSS de la Mont\u00e9r\u00e9gie-Centre, s\u2019est vu remettre la M\u00e9daille du Lieutenant-gouverneur pour les a\u00een\u00e9s.<\/p>\n","protected":false},"author":9,"featured_media":0,"comment_status":"open","ping_status":"closed","sticky":false,"template":"","format":"standard","meta":{"footnotes":""},"categories":[1],"tags":[],"_links":{"self":[{"href":"https:\/\/santemc.quebec\/icentre\/wp-json\/wp\/v2\/posts\/6818"}],"collection":[{"href":"https:\/\/santemc.quebec\/icentre\/wp-json\/wp\/v2\/posts"}],"about":[{"href":"https:\/\/santemc.quebec\/icentre\/wp-json\/wp\/v2\/types\/post"}],"author":[{"embeddable":true,"href":"https:\/\/santemc.quebec\/icentre\/wp-json\/wp\/v2\/users\/9"}],"replies":[{"embeddable":true,"href":"https:\/\/santemc.quebec\/icentre\/wp-json\/wp\/v2\/comments?post=6818"}],"version-history":[{"count":1,"href":"https:\/\/santemc.quebec\/icentre\/wp-json\/wp\/v2\/posts\/6818\/revisions"}],"predecessor-version":[{"id":6820,"href":"https:\/\/santemc.quebec\/icentre\/wp-json\/wp\/v2\/posts\/6818\/revisions\/6820"}],"wp:attachment":[{"href":"https:\/\/santemc.quebec\/icentre\/wp-json\/wp\/v2\/media?parent=6818"}],"wp:term":[{"taxonomy":"category","embeddable":true,"href":"https:\/\/santemc.quebec\/icentre\/wp-json\/wp\/v2\/categories?post=6818"},{"taxonomy":"post_tag","embeddable":true,"href":"https:\/\/santemc.quebec\/icentre\/wp-json\/wp\/v2\/tags?post=6818"}],"curies":[{"name":"wp","href":"https:\/\/api.w.org\/{rel}","templated":true}]}}