{"id":6833,"date":"2018-05-16T11:38:21","date_gmt":"2018-05-16T15:38:21","guid":{"rendered":"http:\/\/santemc.quebec\/icentre\/?p=6833"},"modified":"2018-05-16T11:47:48","modified_gmt":"2018-05-16T15:47:48","slug":"bulletin-periscope-pres-dun-monteregien-sur-six-est-fortement-derange-par-le-bruit-copy-copy-copy-copy-copy-copy-copy-copy-copy-copy","status":"publish","type":"post","link":"https:\/\/santemc.quebec\/icentre\/bulletin-periscope-pres-dun-monteregien-sur-six-est-fortement-derange-par-le-bruit-copy-copy-copy-copy-copy-copy-copy-copy-copy-copy\/","title":{"rendered":"Bulletin P\u00e9riscope &#8211; En 2016, 16 % des travailleurs mont\u00e9r\u00e9giens se d\u00e9placent en transport durable"},"content":{"rendered":"<p><img decoding=\"async\" loading=\"lazy\" class=\"aligncenter wp-image-2877 size-full\" src=\"http:\/\/santemc.quebec\/santemc\/icentre\/wp-content\/uploads\/2016\/09\/periscope.png\" alt=\"periscope\" width=\"789\" height=\"163\" srcset=\"https:\/\/santemc.quebec\/santemc\/icentre\/wp-content\/uploads\/2016\/09\/periscope.png 789w, https:\/\/santemc.quebec\/santemc\/icentre\/wp-content\/uploads\/2016\/09\/periscope-300x62.png 300w, https:\/\/santemc.quebec\/santemc\/icentre\/wp-content\/uploads\/2016\/09\/periscope-768x159.png 768w, https:\/\/santemc.quebec\/santemc\/icentre\/wp-content\/uploads\/2016\/09\/periscope-500x103.png 500w\" sizes=\"(max-width: 789px) 100vw, 789px\" \/><\/p>\n<p>Selon le Recensement de 2016, 11 % des travailleurs mont\u00e9r\u00e9giens utilisent le transport en commun pour se rendre au travail et 4,6 % optent plut\u00f4t pour un mode de transport actif, soit la marche ou le v\u00e9lo. L\u2019utilisation d\u2019un mode de transport durable pour se rendre au travail est grandement influenc\u00e9e par la lieu de r\u00e9sidence et la distance \u00e0 parcourir et elle s\u2019av\u00e8re plus fr\u00e9quente chez certains groupes de population. <!--more--><\/p>\n<p>Pour en apprendre davantage sur cette th\u00e9matique, vous \u00eates invit\u00e9s \u00e0 consulter le lien suivant :\u00a0<a href=\"http:\/\/extranet.santemonteregie.qc.ca\/sante-publique\/surveillance-etat-sante\/periscope.fr.html\" target=\"_blank\" rel=\"noopener\">http:\/\/extranet.santemonteregie.qc.ca\/sante-publique\/surveillance-etat-sante\/periscope.fr.html<\/a><\/p>\n","protected":false},"excerpt":{"rendered":"<p>Selon le Recensement de 2016, 11 % des travailleurs mont\u00e9r\u00e9giens utilisent le transport en commun pour se rendre au travail et 4,6 % optent plut\u00f4t pour un mode de transport actif, soit la marche ou le v\u00e9lo. L\u2019utilisation d\u2019un mode &hellip; <a href=\"https:\/\/santemc.quebec\/icentre\/bulletin-periscope-pres-dun-monteregien-sur-six-est-fortement-derange-par-le-bruit-copy-copy-copy-copy-copy-copy-copy-copy-copy-copy\/\">Continuer la lecture <span class=\"meta-nav\">&rarr;<\/span><\/a><\/p>\n","protected":false},"author":1,"featured_media":0,"comment_status":"open","ping_status":"closed","sticky":false,"template":"","format":"standard","meta":{"footnotes":""},"categories":[1],"tags":[44],"_links":{"self":[{"href":"https:\/\/santemc.quebec\/icentre\/wp-json\/wp\/v2\/posts\/6833"}],"collection":[{"href":"https:\/\/santemc.quebec\/icentre\/wp-json\/wp\/v2\/posts"}],"about":[{"href":"https:\/\/santemc.quebec\/icentre\/wp-json\/wp\/v2\/types\/post"}],"author":[{"embeddable":true,"href":"https:\/\/santemc.quebec\/icentre\/wp-json\/wp\/v2\/users\/1"}],"replies":[{"embeddable":true,"href":"https:\/\/santemc.quebec\/icentre\/wp-json\/wp\/v2\/comments?post=6833"}],"version-history":[{"count":3,"href":"https:\/\/santemc.quebec\/icentre\/wp-json\/wp\/v2\/posts\/6833\/revisions"}],"predecessor-version":[{"id":6836,"href":"https:\/\/santemc.quebec\/icentre\/wp-json\/wp\/v2\/posts\/6833\/revisions\/6836"}],"wp:attachment":[{"href":"https:\/\/santemc.quebec\/icentre\/wp-json\/wp\/v2\/media?parent=6833"}],"wp:term":[{"taxonomy":"category","embeddable":true,"href":"https:\/\/santemc.quebec\/icentre\/wp-json\/wp\/v2\/categories?post=6833"},{"taxonomy":"post_tag","embeddable":true,"href":"https:\/\/santemc.quebec\/icentre\/wp-json\/wp\/v2\/tags?post=6833"}],"curies":[{"name":"wp","href":"https:\/\/api.w.org\/{rel}","templated":true}]}}