{"id":6841,"date":"2018-05-17T14:43:18","date_gmt":"2018-05-17T18:43:18","guid":{"rendered":"http:\/\/santemc.quebec\/icentre\/?p=6841"},"modified":"2018-05-17T14:56:11","modified_gmt":"2018-05-17T18:56:11","slug":"forum-sur-les-meilleures-pratiques-le-cisss-de-la-monteregie-centre-presente-deux-de-ses-projets","status":"publish","type":"post","link":"https:\/\/santemc.quebec\/icentre\/forum-sur-les-meilleures-pratiques-le-cisss-de-la-monteregie-centre-presente-deux-de-ses-projets\/","title":{"rendered":"Forum sur les meilleures pratiques : le CISSS de la Mont\u00e9r\u00e9gie-Centre pr\u00e9sente deux de ses projets"},"content":{"rendered":"<p><a href=\"http:\/\/santemc.quebec\/santemc\/icentre\/wp-content\/uploads\/2018\/05\/bandeau_forum_sad_2018.jpg\"><img decoding=\"async\" loading=\"lazy\" class=\"size-medium wp-image-6842 alignleft\" src=\"http:\/\/santemc.quebec\/santemc\/icentre\/wp-content\/uploads\/2018\/05\/bandeau_forum_sad_2018-300x66.jpg\" alt=\"\" width=\"300\" height=\"66\" srcset=\"https:\/\/santemc.quebec\/santemc\/icentre\/wp-content\/uploads\/2018\/05\/bandeau_forum_sad_2018-300x66.jpg 300w, https:\/\/santemc.quebec\/santemc\/icentre\/wp-content\/uploads\/2018\/05\/bandeau_forum_sad_2018-500x110.jpg 500w, https:\/\/santemc.quebec\/santemc\/icentre\/wp-content\/uploads\/2018\/05\/bandeau_forum_sad_2018.jpg 750w\" sizes=\"(max-width: 300px) 100vw, 300px\" \/><\/a>Les 14 et 15 mai derniers, le CISSS de la Mont\u00e9r\u00e9gie-Centre a eu le privil\u00e8ge de pr\u00e9senter deux de ses projets lors du Forum sur les meilleures pratiques : usagers, CHSLD et soutien \u00e0 domicile.<\/p>\n<p><!--more--><\/p>\n<p>Monsieur Jacques Fortin et madame Anic Barr\u00e9 ont pr\u00e9sent\u00e9 le partenariat avec les comit\u00e9s des usagers et de r\u00e9sidents en CHSLD et mesdames Isabelle Caron et Elizabeth Chittim ont pu t\u00e9moigner de la valeur ajout\u00e9e des techniciens en \u00e9ducation sp\u00e9cialis\u00e9e en CHSLD.<\/p>\n<p>R\u00e9unissant, entre autres, le ministre de la Sant\u00e9 et des Services sociaux ainsi que tous les pr\u00e9sidents-directeurs g\u00e9n\u00e9raux de la province, cet \u00e9v\u00e9nement \u00e9tait ax\u00e9 sur l\u2019am\u00e9lioration continue des pratiques en soutien \u00e0 domicile et en centre d\u2019h\u00e9bergement et de soins de longue dur\u00e9e.<\/p>\n<p>Cette ann\u00e9e, le Forum mettait en valeur les pratiques inspirantes ayant une incidence significative pour les usagers ainsi que certaines meilleures pratiques r\u00e9alis\u00e9es avec la collaboration des comit\u00e9s des usagers et comit\u00e9s des r\u00e9sidents.<\/p>\n<p>Le contenu de toutes les pr\u00e9sentations ainsi que les captations vid\u00e9o sont disponibles au <a href=\"http:\/\/www.msss.gouv.qc.ca\/professionnels\/soins-et-services\/forum-sur-les-meilleures-pratiques-usagers-chsld-et-soutien-a-domicile\/\" target=\"_blank\" rel=\"noopener\">www.msss.gouv.qc.ca\/professionnels\/soins-et-services\/forum-sur-les-meilleures-pratiques-usagers-chsld-et-soutien-a-domicile\/<\/a><\/p>\n<div id=\"attachment_6843\" style=\"width: 310px\" class=\"wp-caption aligncenter\"><a href=\"http:\/\/santemc.quebec\/santemc\/icentre\/wp-content\/uploads\/2018\/05\/forum_JFortinABare-1.png\"><img aria-describedby=\"caption-attachment-6843\" decoding=\"async\" loading=\"lazy\" class=\"wp-image-6843 size-medium\" src=\"http:\/\/santemc.quebec\/santemc\/icentre\/wp-content\/uploads\/2018\/05\/forum_JFortinABare-1.png\" alt=\"\" width=\"300\" height=\"196\" \/><\/a><p id=\"caption-attachment-6843\" class=\"wp-caption-text\">Jacques Fortin et Anic Barr\u00e9<\/p><\/div>\n<div id=\"attachment_6844\" style=\"width: 310px\" class=\"wp-caption aligncenter\"><a href=\"http:\/\/santemc.quebec\/santemc\/icentre\/wp-content\/uploads\/2018\/05\/forum_EChittimICaron-1.png\"><img aria-describedby=\"caption-attachment-6844\" decoding=\"async\" loading=\"lazy\" class=\"size-medium wp-image-6844\" src=\"http:\/\/santemc.quebec\/santemc\/icentre\/wp-content\/uploads\/2018\/05\/forum_EChittimICaron-1.png\" alt=\"\" width=\"300\" height=\"207\" \/><\/a><p id=\"caption-attachment-6844\" class=\"wp-caption-text\">Isabelle Caron et Elizabeth Chittim<\/p><\/div>\n","protected":false},"excerpt":{"rendered":"<p>Les 14 et 15 mai derniers, le CISSS de la Mont\u00e9r\u00e9gie-Centre a eu le privil\u00e8ge de pr\u00e9senter deux de ses projets lors du Forum sur les meilleures pratiques : usagers, CHSLD et soutien \u00e0 domicile.<\/p>\n","protected":false},"author":9,"featured_media":0,"comment_status":"open","ping_status":"closed","sticky":false,"template":"","format":"standard","meta":{"footnotes":""},"categories":[1],"tags":[],"_links":{"self":[{"href":"https:\/\/santemc.quebec\/icentre\/wp-json\/wp\/v2\/posts\/6841"}],"collection":[{"href":"https:\/\/santemc.quebec\/icentre\/wp-json\/wp\/v2\/posts"}],"about":[{"href":"https:\/\/santemc.quebec\/icentre\/wp-json\/wp\/v2\/types\/post"}],"author":[{"embeddable":true,"href":"https:\/\/santemc.quebec\/icentre\/wp-json\/wp\/v2\/users\/9"}],"replies":[{"embeddable":true,"href":"https:\/\/santemc.quebec\/icentre\/wp-json\/wp\/v2\/comments?post=6841"}],"version-history":[{"count":6,"href":"https:\/\/santemc.quebec\/icentre\/wp-json\/wp\/v2\/posts\/6841\/revisions"}],"predecessor-version":[{"id":6856,"href":"https:\/\/santemc.quebec\/icentre\/wp-json\/wp\/v2\/posts\/6841\/revisions\/6856"}],"wp:attachment":[{"href":"https:\/\/santemc.quebec\/icentre\/wp-json\/wp\/v2\/media?parent=6841"}],"wp:term":[{"taxonomy":"category","embeddable":true,"href":"https:\/\/santemc.quebec\/icentre\/wp-json\/wp\/v2\/categories?post=6841"},{"taxonomy":"post_tag","embeddable":true,"href":"https:\/\/santemc.quebec\/icentre\/wp-json\/wp\/v2\/tags?post=6841"}],"curies":[{"name":"wp","href":"https:\/\/api.w.org\/{rel}","templated":true}]}}