{"id":6866,"date":"2018-05-22T11:45:13","date_gmt":"2018-05-22T15:45:13","guid":{"rendered":"http:\/\/santemc.quebec\/icentre\/?p=6866"},"modified":"2018-05-22T11:55:11","modified_gmt":"2018-05-22T15:55:11","slug":"les-citoyens-ont-maintenant-acces-a-leur-information-de-sante-en-ligne","status":"publish","type":"post","link":"https:\/\/santemc.quebec\/icentre\/les-citoyens-ont-maintenant-acces-a-leur-information-de-sante-en-ligne\/","title":{"rendered":"Les citoyens ont maintenant acc\u00e8s \u00e0 leur information de sant\u00e9 en ligne!"},"content":{"rendered":"<p><a href=\"http:\/\/santemc.quebec\/santemc\/icentre\/wp-content\/uploads\/2018\/05\/carnet_sante_2.jpg\"><img decoding=\"async\" loading=\"lazy\" class=\"size-medium wp-image-6876 alignleft\" src=\"http:\/\/santemc.quebec\/santemc\/icentre\/wp-content\/uploads\/2018\/05\/carnet_sante_2-300x289.jpg\" alt=\"\" width=\"300\" height=\"289\" srcset=\"https:\/\/santemc.quebec\/santemc\/icentre\/wp-content\/uploads\/2018\/05\/carnet_sante_2-300x289.jpg 300w, https:\/\/santemc.quebec\/santemc\/icentre\/wp-content\/uploads\/2018\/05\/carnet_sante_2-312x300.jpg 312w, https:\/\/santemc.quebec\/santemc\/icentre\/wp-content\/uploads\/2018\/05\/carnet_sante_2.jpg 682w\" sizes=\"(max-width: 300px) 100vw, 300px\" \/><\/a>Depuis ce mardi 22 mai, les Qu\u00e9b\u00e9cois peuvent s\u2019inscrire \u00e0 Carnet sant\u00e9 Qu\u00e9bec, le nouveau service du gouvernement du Qu\u00e9bec qui permet d\u2019acc\u00e9der \u00e0 leur information de sant\u00e9 en ligne!<\/p>\n<p>Le Carnet sant\u00e9 Qu\u00e9bec est un espace unique qui permet aux citoyens d\u2019\u00eatre mieux inform\u00e9s au sujet de leur sant\u00e9 et ainsi de prendre en charge de fa\u00e7on plus autonome la gestion de leur sant\u00e9. Gratuit, facile \u00e0 utiliser et s\u00e9curitaire, Carnet sant\u00e9 Qu\u00e9bec deviendra assur\u00e9ment LA r\u00e9f\u00e9rence en mati\u00e8re de sant\u00e9 au Qu\u00e9bec et l\u2019outil de suivi de la sant\u00e9 par excellence.<\/p>\n<p><!--more--><\/p>\n<p>Nous vous invitons \u00e0 prendre connaissance de l\u2019<a href=\"http:\/\/santemc.quebec\/santemc\/icentre\/wp-content\/uploads\/2018\/05\/infolettre_prof_carnet_sante.pdf\" target=\"_blank\" rel=\"noopener\">infolettre<\/a>\u00a0et \u00e0 relayer l\u2019information \u00e0 votre client\u00e8le.<\/p>\n<p>Pour plus de renseignements, rendez-vous au <a href=\"http:\/\/www.carnetsante.gouv.qc.ca\/\" target=\"_blank\" rel=\"noopener\">carnetsante.gouv.qc.ca<\/a><\/p>\n","protected":false},"excerpt":{"rendered":"<p>Depuis ce mardi 22 mai, les Qu\u00e9b\u00e9cois peuvent s\u2019inscrire \u00e0 Carnet sant\u00e9 Qu\u00e9bec, le nouveau service du gouvernement du Qu\u00e9bec qui permet d\u2019acc\u00e9der \u00e0 leur information de sant\u00e9 en ligne! Le Carnet sant\u00e9 Qu\u00e9bec est un espace unique qui permet &hellip; <a href=\"https:\/\/santemc.quebec\/icentre\/les-citoyens-ont-maintenant-acces-a-leur-information-de-sante-en-ligne\/\">Continuer la lecture <span class=\"meta-nav\">&rarr;<\/span><\/a><\/p>\n","protected":false},"author":9,"featured_media":0,"comment_status":"open","ping_status":"closed","sticky":false,"template":"","format":"standard","meta":{"footnotes":""},"categories":[1],"tags":[],"_links":{"self":[{"href":"https:\/\/santemc.quebec\/icentre\/wp-json\/wp\/v2\/posts\/6866"}],"collection":[{"href":"https:\/\/santemc.quebec\/icentre\/wp-json\/wp\/v2\/posts"}],"about":[{"href":"https:\/\/santemc.quebec\/icentre\/wp-json\/wp\/v2\/types\/post"}],"author":[{"embeddable":true,"href":"https:\/\/santemc.quebec\/icentre\/wp-json\/wp\/v2\/users\/9"}],"replies":[{"embeddable":true,"href":"https:\/\/santemc.quebec\/icentre\/wp-json\/wp\/v2\/comments?post=6866"}],"version-history":[{"count":7,"href":"https:\/\/santemc.quebec\/icentre\/wp-json\/wp\/v2\/posts\/6866\/revisions"}],"predecessor-version":[{"id":6878,"href":"https:\/\/santemc.quebec\/icentre\/wp-json\/wp\/v2\/posts\/6866\/revisions\/6878"}],"wp:attachment":[{"href":"https:\/\/santemc.quebec\/icentre\/wp-json\/wp\/v2\/media?parent=6866"}],"wp:term":[{"taxonomy":"category","embeddable":true,"href":"https:\/\/santemc.quebec\/icentre\/wp-json\/wp\/v2\/categories?post=6866"},{"taxonomy":"post_tag","embeddable":true,"href":"https:\/\/santemc.quebec\/icentre\/wp-json\/wp\/v2\/tags?post=6866"}],"curies":[{"name":"wp","href":"https:\/\/api.w.org\/{rel}","templated":true}]}}