{"id":6879,"date":"2018-05-22T15:48:36","date_gmt":"2018-05-22T19:48:36","guid":{"rendered":"http:\/\/santemc.quebec\/icentre\/?p=6879"},"modified":"2018-05-22T15:49:00","modified_gmt":"2018-05-22T19:49:00","slug":"un-honneur-pour-des-physiotherapeutes","status":"publish","type":"post","link":"https:\/\/santemc.quebec\/icentre\/un-honneur-pour-des-physiotherapeutes\/","title":{"rendered":"Un honneur pour des physioth\u00e9rapeutes"},"content":{"rendered":"<p>L\u2019\u00e9quipe du service de physioth\u00e9rapie de l\u2019H\u00f4pital Charles-Le Moyne fut parmi les finalistes pour l\u2019obtention du Prix d\u2019excellence en enseignement clinique d\u00e9cern\u00e9 par l\u2019Universit\u00e9 de Montr\u00e9al, pour l\u2019ann\u00e9e 2016-2017. Cette mise en candidature t\u00e9moigne de la reconnaissance du travail exceptionnel de cette \u00e9quipe pour les stages cliniques. L\u2019\u00e9troite collaboration entre le CISSS de la Mont\u00e9r\u00e9gie-Centre et l\u2019\u00c9cole de r\u00e9adaptation de l\u2019Universit\u00e9 de Montr\u00e9al permet, ann\u00e9e apr\u00e8s ann\u00e9e, la formation de physioth\u00e9rapeutes qualifi\u00e9s. F\u00e9licitations \u00e0 tous ces professionnels pour l\u2019excellence de leur enseignement clinique!<\/p>\n<p><!--more--><\/p>\n<p>&nbsp;<\/p>\n","protected":false},"excerpt":{"rendered":"<p>L\u2019\u00e9quipe du service de physioth\u00e9rapie de l\u2019H\u00f4pital Charles-Le Moyne fut parmi les finalistes pour l\u2019obtention du Prix d\u2019excellence en enseignement clinique d\u00e9cern\u00e9 par l\u2019Universit\u00e9 de Montr\u00e9al, pour l\u2019ann\u00e9e 2016-2017. Cette mise en candidature t\u00e9moigne de la reconnaissance du travail exceptionnel &hellip; <a href=\"https:\/\/santemc.quebec\/icentre\/un-honneur-pour-des-physiotherapeutes\/\">Continuer la lecture <span class=\"meta-nav\">&rarr;<\/span><\/a><\/p>\n","protected":false},"author":9,"featured_media":0,"comment_status":"open","ping_status":"closed","sticky":false,"template":"","format":"standard","meta":{"footnotes":""},"categories":[1],"tags":[],"_links":{"self":[{"href":"https:\/\/santemc.quebec\/icentre\/wp-json\/wp\/v2\/posts\/6879"}],"collection":[{"href":"https:\/\/santemc.quebec\/icentre\/wp-json\/wp\/v2\/posts"}],"about":[{"href":"https:\/\/santemc.quebec\/icentre\/wp-json\/wp\/v2\/types\/post"}],"author":[{"embeddable":true,"href":"https:\/\/santemc.quebec\/icentre\/wp-json\/wp\/v2\/users\/9"}],"replies":[{"embeddable":true,"href":"https:\/\/santemc.quebec\/icentre\/wp-json\/wp\/v2\/comments?post=6879"}],"version-history":[{"count":2,"href":"https:\/\/santemc.quebec\/icentre\/wp-json\/wp\/v2\/posts\/6879\/revisions"}],"predecessor-version":[{"id":6881,"href":"https:\/\/santemc.quebec\/icentre\/wp-json\/wp\/v2\/posts\/6879\/revisions\/6881"}],"wp:attachment":[{"href":"https:\/\/santemc.quebec\/icentre\/wp-json\/wp\/v2\/media?parent=6879"}],"wp:term":[{"taxonomy":"category","embeddable":true,"href":"https:\/\/santemc.quebec\/icentre\/wp-json\/wp\/v2\/categories?post=6879"},{"taxonomy":"post_tag","embeddable":true,"href":"https:\/\/santemc.quebec\/icentre\/wp-json\/wp\/v2\/tags?post=6879"}],"curies":[{"name":"wp","href":"https:\/\/api.w.org\/{rel}","templated":true}]}}