{"id":6883,"date":"2018-05-23T13:22:31","date_gmt":"2018-05-23T17:22:31","guid":{"rendered":"http:\/\/santemc.quebec\/icentre\/?p=6883"},"modified":"2018-05-23T14:36:53","modified_gmt":"2018-05-23T18:36:53","slug":"sarah-lafontaine-infirmiere-clinicienne-au-clsc-de-la-vallee-des-forts-remporte-le-concours-ma-these-en-180-secondes","status":"publish","type":"post","link":"https:\/\/santemc.quebec\/icentre\/sarah-lafontaine-infirmiere-clinicienne-au-clsc-de-la-vallee-des-forts-remporte-le-concours-ma-these-en-180-secondes\/","title":{"rendered":"Sarah Lafontaine, infirmi\u00e8re clinicienne au CLSC de la Vall\u00e9e-des-Forts, remporte le concours \u00ab Ma th\u00e8se en 180 secondes ! \u00bb"},"content":{"rendered":"<div id=\"attachment_6884\" style=\"width: 310px\" class=\"wp-caption alignleft\"><a href=\"http:\/\/santemc.quebec\/santemc\/icentre\/wp-content\/uploads\/2018\/05\/32905475_10156283607907808_8131747485157687296_n.jpg\"><img aria-describedby=\"caption-attachment-6884\" decoding=\"async\" loading=\"lazy\" class=\"size-medium wp-image-6884\" src=\"http:\/\/santemc.quebec\/santemc\/icentre\/wp-content\/uploads\/2018\/05\/32905475_10156283607907808_8131747485157687296_n-300x200.jpg\" alt=\"\" width=\"300\" height=\"200\" srcset=\"https:\/\/santemc.quebec\/santemc\/icentre\/wp-content\/uploads\/2018\/05\/32905475_10156283607907808_8131747485157687296_n-300x200.jpg 300w, https:\/\/santemc.quebec\/santemc\/icentre\/wp-content\/uploads\/2018\/05\/32905475_10156283607907808_8131747485157687296_n-768x512.jpg 768w, https:\/\/santemc.quebec\/santemc\/icentre\/wp-content\/uploads\/2018\/05\/32905475_10156283607907808_8131747485157687296_n-450x300.jpg 450w, https:\/\/santemc.quebec\/santemc\/icentre\/wp-content\/uploads\/2018\/05\/32905475_10156283607907808_8131747485157687296_n.jpg 960w\" sizes=\"(max-width: 300px) 100vw, 300px\" \/><\/a><p id=\"caption-attachment-6884\" class=\"wp-caption-text\">Photo: Merryl B. Photographe<\/p><\/div>\n<p>L&rsquo;infirmi\u00e8re clinicienne au CLSC de la Vall\u00e9e-des-Forts, Sarah Lafontaine, remporte le 1<sup>er<\/sup>\u00a0prix du concours \u00ab\u00a0Ma th\u00e8se en 180 secondes !\u00a0\u00bb,\u00a0une activit\u00e9 organis\u00e9e dans le cadre du 86<sup>e\u00a0<\/sup>congr\u00e8s annuel de l&rsquo;Association francophone pour le savoir (ACFAS).<\/p>\n<p>Mme Fontaine, \u00e9galement \u00e9tudiante au doctorat en recherche en sciences de la sant\u00e9, concentration sciences infirmi\u00e8res, a de plus rafl\u00e9 le Prix public lors du m\u00eame \u00e9v\u00e9nement.<!--more--><\/p>\n<h3>Personnes atteintes de diab\u00e8te\u00a0: pour une \u00e9ducation personnalis\u00e9e<\/h3>\n<p>Les travaux de l\u2019\u00e9tudiante chercheuse de la Facult\u00e9 de m\u00e9decine et des sciences de la sant\u00e9 portent sur l\u2019\u00e9ducation des personnes aux prises avec le diab\u00e8te. Parce que les patients jouent un r\u00f4le crucial dans la gestion de leur maladie \u2013 l\u2019autogestion repr\u00e9sente 98% des soins \u2013 Sarah Lafontaine cherche \u00e0 comprendre pourquoi l\u2019\u00e9ducation relative au diab\u00e8te est si peu efficace.<\/p>\n<p>Elle aura l\u2019opportunit\u00e9 de rencontrer des \u00e9tudiants d\u2019une vingtaine de pays \u00e0 l\u2019occasion de la cinqui\u00e8me finale internationale du concours \u00ab\u00a0Ma th\u00e8se en 180 secondes !\u00a0\u00bb, qui se tiendra \u00e0 Lausanne en Suisse le 27 septembre prochain.<\/p>\n<p>Nous lui souhaitons la meilleure des chances.<\/p>\n<p>Voyez la th\u00e8se de 180 secondes de Mme Lafontaine sur le <a href=\"https:\/\/ici.radio-canada.ca\/nouvelle\/1100273\/concours-ma-these-en-180-secondes-et-la-gagnante-est\" target=\"_blank\" rel=\"noopener\">site de Radio-Canada.<\/a><\/p>\n<p>&nbsp;<\/p>\n<p>Sources : <a href=\"https:\/\/www.usherbrooke.ca\/actualites\/nouvelles\/facultes\/medecine-et-sciences-de-la-sante\/medecine-et-sciences-de-la-sante-details\/article\/37442\/\" target=\"_blank\" rel=\"noopener\">Universit\u00e9 de Sherbrooke<\/a> et <a href=\"http:\/\/www.acfas.ca\/prix-concours\/ma-these-en-180-secondes\/2018\/premier-prix\/sarah-lafontaine\" target=\"_blank\" rel=\"noopener\">ACFAS<\/a><\/p>\n","protected":false},"excerpt":{"rendered":"<p>L&rsquo;infirmi\u00e8re clinicienne au CLSC de la Vall\u00e9e-des-Forts, Sarah Lafontaine, remporte le 1er\u00a0prix du concours \u00ab\u00a0Ma th\u00e8se en 180 secondes !\u00a0\u00bb,\u00a0une activit\u00e9 organis\u00e9e dans le cadre du 86e\u00a0congr\u00e8s annuel de l&rsquo;Association francophone pour le savoir (ACFAS). Mme Fontaine, \u00e9galement \u00e9tudiante au &hellip; <a href=\"https:\/\/santemc.quebec\/icentre\/sarah-lafontaine-infirmiere-clinicienne-au-clsc-de-la-vallee-des-forts-remporte-le-concours-ma-these-en-180-secondes\/\">Continuer la lecture <span class=\"meta-nav\">&rarr;<\/span><\/a><\/p>\n","protected":false},"author":1,"featured_media":0,"comment_status":"open","ping_status":"closed","sticky":false,"template":"","format":"standard","meta":{"footnotes":""},"categories":[1],"tags":[],"_links":{"self":[{"href":"https:\/\/santemc.quebec\/icentre\/wp-json\/wp\/v2\/posts\/6883"}],"collection":[{"href":"https:\/\/santemc.quebec\/icentre\/wp-json\/wp\/v2\/posts"}],"about":[{"href":"https:\/\/santemc.quebec\/icentre\/wp-json\/wp\/v2\/types\/post"}],"author":[{"embeddable":true,"href":"https:\/\/santemc.quebec\/icentre\/wp-json\/wp\/v2\/users\/1"}],"replies":[{"embeddable":true,"href":"https:\/\/santemc.quebec\/icentre\/wp-json\/wp\/v2\/comments?post=6883"}],"version-history":[{"count":7,"href":"https:\/\/santemc.quebec\/icentre\/wp-json\/wp\/v2\/posts\/6883\/revisions"}],"predecessor-version":[{"id":6892,"href":"https:\/\/santemc.quebec\/icentre\/wp-json\/wp\/v2\/posts\/6883\/revisions\/6892"}],"wp:attachment":[{"href":"https:\/\/santemc.quebec\/icentre\/wp-json\/wp\/v2\/media?parent=6883"}],"wp:term":[{"taxonomy":"category","embeddable":true,"href":"https:\/\/santemc.quebec\/icentre\/wp-json\/wp\/v2\/categories?post=6883"},{"taxonomy":"post_tag","embeddable":true,"href":"https:\/\/santemc.quebec\/icentre\/wp-json\/wp\/v2\/tags?post=6883"}],"curies":[{"name":"wp","href":"https:\/\/api.w.org\/{rel}","templated":true}]}}