{"id":6893,"date":"2018-05-25T15:00:43","date_gmt":"2018-05-25T19:00:43","guid":{"rendered":"http:\/\/santemc.quebec\/icentre\/?p=6893"},"modified":"2018-05-25T15:27:13","modified_gmt":"2018-05-25T19:27:13","slug":"bilan-recrutement-200-embauches-depuis-le-1er-avril-copy-copy-copy-copy","status":"publish","type":"post","link":"https:\/\/santemc.quebec\/icentre\/bilan-recrutement-200-embauches-depuis-le-1er-avril-copy-copy-copy-copy\/","title":{"rendered":"Bilan recrutement : 95 nouvelles entr\u00e9es en fonction la semaine prochaine"},"content":{"rendered":"<p>Voici un premier \u00ab\u00a0bilan recrutement\u00a0\u00bb 2018 qui illustre le fruit des efforts d\u00e9ploy\u00e9s ce printemps pour recruter de nouveaux employ\u00e9s en pr\u00e9vision de la p\u00e9riode estivale.\u00a0La semaine prochaine, entre le 27 mai et le 2 juin, ce sont 95 nouveaux coll\u00e8gues qui se joignent \u00e0 nos \u00e9quipes. D\u00e9couvrez qui sont ces nouvelles recrues en consultant la liste qui appara\u00eet sous le graphique.\u00a0Bienvenue \u00e0 tous!<a href=\"http:\/\/santemc.quebec\/santemc\/icentre\/wp-content\/uploads\/2018\/05\/Campagne-recrutement_semaine1.jpg\"><img decoding=\"async\" loading=\"lazy\" class=\"alignright wp-image-6908 size-full\" src=\"http:\/\/santemc.quebec\/santemc\/icentre\/wp-content\/uploads\/2018\/05\/Campagne-recrutement_semaine1.jpg\" alt=\"\" width=\"720\" height=\"486\" srcset=\"https:\/\/santemc.quebec\/santemc\/icentre\/wp-content\/uploads\/2018\/05\/Campagne-recrutement_semaine1.jpg 720w, https:\/\/santemc.quebec\/santemc\/icentre\/wp-content\/uploads\/2018\/05\/Campagne-recrutement_semaine1-300x203.jpg 300w, https:\/\/santemc.quebec\/santemc\/icentre\/wp-content\/uploads\/2018\/05\/Campagne-recrutement_semaine1-444x300.jpg 444w\" sizes=\"(max-width: 720px) 100vw, 720px\" \/><\/a><\/p>\n<p><!--more--><\/p>\n<div style=\"width: 100%; float: left;\">\n<p>&nbsp;<\/p>\n<div style=\"width: 45%; float: left;\">\n<p><strong>Pour le RLS Champlain<\/strong><\/p>\n<p><strong>Groupe infirmi\u00e8res (9)<\/strong><\/p>\n<ul>\n<li>Asselie Avril (CEPI)<\/li>\n<li>Brahim Latreche (inf. clin.)<\/li>\n<li>Jenny Duong (CEPI)<\/li>\n<li>Jessika B\u00e9dard (CEPI)<\/li>\n<li>Joannie Paiement Rivard (CEPI)<\/li>\n<li>Milinganyo Mariette Lwesso<\/li>\n<li>Nadia Mouad (CEPI)<\/li>\n<li>Nicholas Musafili (CEPI)<\/li>\n<li>Vicky De Munck (CEPI)<\/li>\n<\/ul>\n<p><strong>Infirmi\u00e8res auxiliaires (5)<\/strong><\/p>\n<ul>\n<li>Behnoush Alghasi (CEPIA)<\/li>\n<li>C\u00e9line Hubert<\/li>\n<li>Fatoumata Nimaga<\/li>\n<li>M\u00e9lissa B\u00e9lair (CEPIA)<\/li>\n<li>N\u00e9rome Pierre Charles<\/li>\n<\/ul>\n<p><strong>Pr\u00e9pos\u00e9es aux b\u00e9n\u00e9ficiaires (23)<\/strong><\/p>\n<ul>\n<li>Alissa Saurel-Fran\u00e7ois<\/li>\n<li>Am\u00e9lie Perron<\/li>\n<li>Audrey Carpentier<\/li>\n<li>Cam\u00e9lia Bissonnette<\/li>\n<li>Camila Ibanez<\/li>\n<li>C\u00e9deric Tremblay<\/li>\n<li>Charles Vinette<\/li>\n<li>Erika Malnasi<\/li>\n<li>Flavie Parent-Cormier<\/li>\n<li>Francesca Boucicault<\/li>\n<li>Gabryel Therrien<\/li>\n<li>Ivliana-Elena Castro Matera<\/li>\n<li>K\u00e9lam Lauranne Tsafack-Tankio<\/li>\n<li>Letafat Bakhsh<\/li>\n<li>Marie-Chantal Blais<\/li>\n<li>M\u00e9lissa Jean-Pierre<\/li>\n<li>Metushelah Palme<\/li>\n<li>No\u00e9mie Blain<\/li>\n<li>Philippe Dubois<\/li>\n<li>Sandrine No\u00ebl<\/li>\n<li>Sarah Martin<\/li>\n<li>Sonia Amanda D&rsquo;Antico<\/li>\n<li>Sophie Penven<\/li>\n<\/ul>\n<p><strong>Personnel\u00a0administratif (2)<\/strong><\/p>\n<ul>\n<li>Jamie Fortier (agente administrative)<\/li>\n<li>Vincent Castonguay (technicien en administration)<\/li>\n<\/ul>\n<p><strong>Professionnels et techniciens\u00a0en sant\u00e9 services sociaux (12)<\/strong><\/p>\n<ul>\n<li>Arianne Collette (externe techn. m\u00e9dicale)<\/li>\n<li>Audrey-Ann Bujold (externe techn. m\u00e9dicale)<\/li>\n<li>Elsa Nyam (conseill\u00e8re en g\u00e9n\u00e9tique)<\/li>\n<li>Jessica Blanchette (externe techn. m\u00e9dicale)<\/li>\n<li>Marie-\u00c8ve Jodoin (externe techn. m\u00e9dicale)<\/li>\n<li>Maude Gagnon (externe techn. m\u00e9dicale)<\/li>\n<li>M\u00e9ryanne-J Racine (technicienne de laboratoire)<\/li>\n<li>Myrianne Poitras-Lambert (technicienne de laboratoire)<\/li>\n<li>Myriam Dor\u00e9 (th\u00e9rapeute en r\u00e9adaptation physique)<\/li>\n<li>Tracy Wagner (externe techn. m\u00e9dicale)<\/li>\n<li>Sophie Jolivet (technicienne de laboratoire)<\/li>\n<li>Zineb Hamdi (technicienne de laboratoire)<\/li>\n<\/ul>\n<p><strong>Personnel de\u00a0soutien (6)<\/strong><\/p>\n<ul>\n<li>Amira Dalati (pr\u00e9p. au service alimentaire)<\/li>\n<li>Charl\u00e8ne Filion-Blanchard (ASSS)<\/li>\n<li>Charlie-Maude Laflamme (pr\u00e9p. au service alimentaire)<\/li>\n<li>Gabriel Lamontagne (pr\u00e9p. entretien m\u00e9nager)<\/li>\n<li>M\u00e9lissa Lefebvre (pr\u00e9p. entretien m\u00e9nager)<\/li>\n<li>Pamela Majeau (pr\u00e9p. entretien m\u00e9nager)<\/li>\n<\/ul>\n<\/div>\n<div style=\"width: 45%; float: left;\">\n<p><strong>Pour le RLS\u00a0du Haut-Richelieu &#8211; Rouville<\/strong><\/p>\n<p><strong>Inhaloth\u00e9rapeutes (2)<\/strong><\/p>\n<ul>\n<li>Dana-Eve Bond-Therrien (externe)<\/li>\n<li>Jade Lajeunesse (externe)<\/li>\n<\/ul>\n<p><strong>Groupe infirmi\u00e8res (4)<\/strong><\/p>\n<ul>\n<li>Annabelle Dumoulin (CEPI)<\/li>\n<li>China-Jean Hippolyte (CEPI)<\/li>\n<li>Myriam Emond (CEPI)<\/li>\n<li>Stephanie Filiatreault<\/li>\n<\/ul>\n<p><strong>Infirmi\u00e8res auxiliaires (3)<\/strong><\/p>\n<ul>\n<li>Laurianne Moreau<\/li>\n<li>Nicholas Quirion-Laroche (CEPIA)<\/li>\n<li>Melissa Bedard<\/li>\n<\/ul>\n<p><strong>Pr\u00e9pos\u00e9es aux b\u00e9n\u00e9ficiaires (10)<\/strong><\/p>\n<ul>\n<li>Allison Couture<\/li>\n<li>Arianne C\u00f4t\u00e9<\/li>\n<li>Camille Carbonneau<\/li>\n<li>Caroline Fortin<\/li>\n<li>Chloe Gr\u00e9goire-Aubertin<\/li>\n<li>Katrine Roy<\/li>\n<li>Moriah Raymond<\/li>\n<li>Philippe Robert<\/li>\n<li>Rebeka De Montignac<\/li>\n<li>Veronique Boyer<\/li>\n<\/ul>\n<p><strong>Professionnels et techniciens en sant\u00e9 services sociaux (1)<\/strong><\/p>\n<ul>\n<li>Glaucy Maria De Matos Ribeiro (physioth\u00e9rapeute)<\/li>\n<\/ul>\n<p><strong><b>Personnel\u00a0de soutien\u00a0(18)<\/b><\/strong><\/p>\n<ul>\n<li>Amanda Pike-Frain (aide de service)<\/li>\n<li>Audrey Nolin (aide de service)<\/li>\n<li>Cassandra Benoit (pr\u00e9p. entretien m\u00e9nager)<\/li>\n<li>Chantal Mayo-Archambault (aide de service)<\/li>\n<li>Felix Gauthier (pr\u00e9p. service alimentaire)<\/li>\n<li>Jeanne Beaulieu (pr\u00e9p. service alimentaire)<\/li>\n<li>Karl Geoffrion-Brossard (aide de service)<\/li>\n<li>Kelly-Anne Boudriau (pr\u00e9p. service alimentaire)<\/li>\n<li>Lory-Ann Sheink-Beauvais (pr\u00e9p. entretien m\u00e9nager)<\/li>\n<li>Luc R\u00e9millard (pr\u00e9p. magasin)<\/li>\n<li>Lytiitia Cabana (aide de service)<\/li>\n<li>Marylou Benoit (pr\u00e9p. service alimentaire)<\/li>\n<li>Myriam Patenaude (aide de service)<\/li>\n<li>Nathalie Lestage (pr\u00e9p. service alimentaire)<\/li>\n<li>Parhannson Cadet (aide de service)<\/li>\n<li>Roxanne Gr\u00e9goire (aide de service)<\/li>\n<li>S\u00e9bastien Labelle (aide de service)<\/li>\n<li>Simon Moreau (aide de service)<\/li>\n<\/ul>\n<\/div>\n<\/div>\n<p><!--more--><\/p>\n<p>&nbsp;<\/p>\n<p>&nbsp;<\/p>\n<p>&nbsp;<\/p>\n<p>&nbsp;<\/p>\n<p>&nbsp;<\/p>\n<p>&nbsp;<\/p>\n","protected":false},"excerpt":{"rendered":"<p>Voici un premier \u00ab\u00a0bilan recrutement\u00a0\u00bb 2018 qui illustre le fruit des efforts d\u00e9ploy\u00e9s ce printemps pour recruter de nouveaux employ\u00e9s en pr\u00e9vision de la p\u00e9riode estivale.\u00a0La semaine prochaine, entre le 27 mai et le 2 juin, ce sont 95 nouveaux &hellip; <a href=\"https:\/\/santemc.quebec\/icentre\/bilan-recrutement-200-embauches-depuis-le-1er-avril-copy-copy-copy-copy\/\">Continuer la lecture <span class=\"meta-nav\">&rarr;<\/span><\/a><\/p>\n","protected":false},"author":1,"featured_media":0,"comment_status":"open","ping_status":"closed","sticky":false,"template":"","format":"standard","meta":{"footnotes":""},"categories":[91],"tags":[],"_links":{"self":[{"href":"https:\/\/santemc.quebec\/icentre\/wp-json\/wp\/v2\/posts\/6893"}],"collection":[{"href":"https:\/\/santemc.quebec\/icentre\/wp-json\/wp\/v2\/posts"}],"about":[{"href":"https:\/\/santemc.quebec\/icentre\/wp-json\/wp\/v2\/types\/post"}],"author":[{"embeddable":true,"href":"https:\/\/santemc.quebec\/icentre\/wp-json\/wp\/v2\/users\/1"}],"replies":[{"embeddable":true,"href":"https:\/\/santemc.quebec\/icentre\/wp-json\/wp\/v2\/comments?post=6893"}],"version-history":[{"count":9,"href":"https:\/\/santemc.quebec\/icentre\/wp-json\/wp\/v2\/posts\/6893\/revisions"}],"predecessor-version":[{"id":6916,"href":"https:\/\/santemc.quebec\/icentre\/wp-json\/wp\/v2\/posts\/6893\/revisions\/6916"}],"wp:attachment":[{"href":"https:\/\/santemc.quebec\/icentre\/wp-json\/wp\/v2\/media?parent=6893"}],"wp:term":[{"taxonomy":"category","embeddable":true,"href":"https:\/\/santemc.quebec\/icentre\/wp-json\/wp\/v2\/categories?post=6893"},{"taxonomy":"post_tag","embeddable":true,"href":"https:\/\/santemc.quebec\/icentre\/wp-json\/wp\/v2\/tags?post=6893"}],"curies":[{"name":"wp","href":"https:\/\/api.w.org\/{rel}","templated":true}]}}