{"id":6900,"date":"2018-05-25T10:16:12","date_gmt":"2018-05-25T14:16:12","guid":{"rendered":"http:\/\/santemc.quebec\/icentre\/?p=6900"},"modified":"2018-05-25T10:28:40","modified_gmt":"2018-05-25T14:28:40","slug":"la-communication-un-levier-important","status":"publish","type":"post","link":"https:\/\/santemc.quebec\/icentre\/la-communication-un-levier-important\/","title":{"rendered":"La communication : un levier important"},"content":{"rendered":"<p><a href=\"http:\/\/santemc.quebec\/santemc\/icentre\/wp-content\/uploads\/2018\/05\/pouvoir_communiquer.png\"><img decoding=\"async\" loading=\"lazy\" class=\"size-medium wp-image-6902 alignleft\" src=\"http:\/\/santemc.quebec\/santemc\/icentre\/wp-content\/uploads\/2018\/05\/pouvoir_communiquer-300x232.png\" alt=\"\" width=\"300\" height=\"232\" srcset=\"https:\/\/santemc.quebec\/santemc\/icentre\/wp-content\/uploads\/2018\/05\/pouvoir_communiquer-300x232.png 300w, https:\/\/santemc.quebec\/santemc\/icentre\/wp-content\/uploads\/2018\/05\/pouvoir_communiquer-768x593.png 768w, https:\/\/santemc.quebec\/santemc\/icentre\/wp-content\/uploads\/2018\/05\/pouvoir_communiquer-388x300.png 388w, https:\/\/santemc.quebec\/santemc\/icentre\/wp-content\/uploads\/2018\/05\/pouvoir_communiquer.png 906w\" sizes=\"(max-width: 300px) 100vw, 300px\" \/><\/a>Saviez-vous qu\u2019au Canada, une personne sur six est atteinte d\u2019un trouble de parole, de langage ou d\u2019audition? Il est important de se rappeler que notre capacit\u00e9 de parler, d\u2019entendre et d\u2019\u00eatre entendu est vitale. Elle facilite certainement l\u2019int\u00e9gration scolaire, sociale et professionnelle d\u2019un individu. Dans le cadre du mois de la parole et de l\u2019audition, le CISSS de la Mont\u00e9r\u00e9gie-Centre souligne le travail de ses 25 orthophonistes et 6 audiologistes.<\/p>\n<p><!--more--><\/p>\n<p><strong>Quelle est la diff\u00e9rence entre ces deux professions?<br \/>\n<\/strong>Bien qu\u2019ils travaillent en \u00e9troite collaboration, le r\u00f4le de ces deux professionnels de la sant\u00e9 est distinct. Pour sa part, l\u2019audiologiste d\u00e9piste, \u00e9value et traite les troubles d\u2019audition et d\u2019\u00e9quilibre. Quant \u00e0 lui, l\u2019orthophoniste d\u00e9piste, \u00e9value et traite les retards et les troubles de communication et de la fonction oropharyng\u00e9e tels que \u00a0les difficult\u00e9s sur le plan du langage, de la parole, de la voix et de la d\u00e9glutition. Il prend en charge les personnes qui pr\u00e9sentent une aphasie, une dysphagie, une dyslexie, un trouble de d\u00e9veloppement du langage, un b\u00e9gaiement, etc.<\/p>\n<p>Les audiologistes tout comme les orthophonistes travaillent aupr\u00e8s d\u2019une vaste client\u00e8le allant d\u2019enfants d\u2019\u00e2ge pr\u00e9scolaire jusqu\u2019aux personnes \u00e2g\u00e9es. Ils pratiquent dans des milieux semblables, notamment au sein des h\u00f4pitaux, des CLSC, des centres de r\u00e9adaptation, etc. Ces ressources sont amen\u00e9es \u00e0 collaborer avec diff\u00e9rents professionnels, dont des nutritionnistes, des ergoth\u00e9rapeutes, des physioth\u00e9rapeutes, des infirmi\u00e8res, des travailleurs sociaux, etc. De cette fa\u00e7on, l\u2019usager est en mesure d\u2019obtenir un plan d\u2019intervention complet et adapt\u00e9 \u00e0 sa situation. Tous gagnent \u00e0 conna\u00eetre les orthophonistes et les audiologistes!<\/p>\n","protected":false},"excerpt":{"rendered":"<p>Saviez-vous qu\u2019au Canada, une personne sur six est atteinte d\u2019un trouble de parole, de langage ou d\u2019audition? Il est important de se rappeler que notre capacit\u00e9 de parler, d\u2019entendre et d\u2019\u00eatre entendu est vitale. Elle facilite certainement l\u2019int\u00e9gration scolaire, sociale &hellip; <a href=\"https:\/\/santemc.quebec\/icentre\/la-communication-un-levier-important\/\">Continuer la lecture <span class=\"meta-nav\">&rarr;<\/span><\/a><\/p>\n","protected":false},"author":9,"featured_media":0,"comment_status":"open","ping_status":"closed","sticky":false,"template":"","format":"standard","meta":{"footnotes":""},"categories":[1],"tags":[],"_links":{"self":[{"href":"https:\/\/santemc.quebec\/icentre\/wp-json\/wp\/v2\/posts\/6900"}],"collection":[{"href":"https:\/\/santemc.quebec\/icentre\/wp-json\/wp\/v2\/posts"}],"about":[{"href":"https:\/\/santemc.quebec\/icentre\/wp-json\/wp\/v2\/types\/post"}],"author":[{"embeddable":true,"href":"https:\/\/santemc.quebec\/icentre\/wp-json\/wp\/v2\/users\/9"}],"replies":[{"embeddable":true,"href":"https:\/\/santemc.quebec\/icentre\/wp-json\/wp\/v2\/comments?post=6900"}],"version-history":[{"count":2,"href":"https:\/\/santemc.quebec\/icentre\/wp-json\/wp\/v2\/posts\/6900\/revisions"}],"predecessor-version":[{"id":6903,"href":"https:\/\/santemc.quebec\/icentre\/wp-json\/wp\/v2\/posts\/6900\/revisions\/6903"}],"wp:attachment":[{"href":"https:\/\/santemc.quebec\/icentre\/wp-json\/wp\/v2\/media?parent=6900"}],"wp:term":[{"taxonomy":"category","embeddable":true,"href":"https:\/\/santemc.quebec\/icentre\/wp-json\/wp\/v2\/categories?post=6900"},{"taxonomy":"post_tag","embeddable":true,"href":"https:\/\/santemc.quebec\/icentre\/wp-json\/wp\/v2\/tags?post=6900"}],"curies":[{"name":"wp","href":"https:\/\/api.w.org\/{rel}","templated":true}]}}