{"id":6904,"date":"2018-05-25T14:13:42","date_gmt":"2018-05-25T18:13:42","guid":{"rendered":"http:\/\/santemc.quebec\/icentre\/?p=6904"},"modified":"2018-05-25T14:14:28","modified_gmt":"2018-05-25T18:14:28","slug":"rappel-convocation-a-lassemblee-generale-annuelle-du-conseil-multidisciplinaire-du-cisss-de-la-monteregie-centre","status":"publish","type":"post","link":"https:\/\/santemc.quebec\/icentre\/rappel-convocation-a-lassemblee-generale-annuelle-du-conseil-multidisciplinaire-du-cisss-de-la-monteregie-centre\/","title":{"rendered":"Assembl\u00e9e g\u00e9n\u00e9rale annuelle du Conseil multidisciplinaire du CISSS de la Mont\u00e9r\u00e9gie-Centre : un rappel"},"content":{"rendered":"<p>Nous vous rappelons que l&rsquo;assembl\u00e9e g\u00e9n\u00e9rale annuelle du Conseil multidisciplinaire se tiendra le jeudi 31 mai 2018 de 12 h \u00e0 13 h.<\/p>\n<p><!--more--><\/p>\n<p>L&rsquo;assembl\u00e9e se tiendra \u00e0 l&rsquo;H\u00f4pital Charles-Le Moyne, dans la salle AS-017.<\/p>\n<p>Vous pourrez \u00e9galement participer \u00e0 l&rsquo;assembl\u00e9e en visioconf\u00e9rence\u00a0:<br \/>\nH\u00f4pital du Haut-Richelieu \u2013 Salle SS-391<br \/>\nCLSC de la Vall\u00e9e-des-Forts \u2013 Salle 567<br \/>\nCLSC du Richelieu \u2013 Salle 2101<br \/>\nCLSC Samuel-de-Champlain \u2013 Salle 400<br \/>\nInstitut Nazareth et Louis-Braille (Longueuil) \u2013 Salle DSA (3e \u00e9tage)<br \/>\nInstitut Nazareth et Louis-Braille \u2013 Point de service Jean-Brillant (Montr\u00e9al)<\/p>\n<p>Nous vous invitons \u00e0 prendre connaissance des documents que vous trouverez dans les r\u00e9pertoires suivants\u00a0:<\/p>\n<ul>\n<li>RLS HRR\u00a0: Intranet\/Conseils professionnels\/Conseil multidisciplinaire\/AGA 2018<\/li>\n<li>RLS Champlain\u00a0: G:\/05-ADMINISTRATION\/Conseil_comite\/CM<\/li>\n<li>INLB\u00a0: Intranet\/r\u00e9pertoire documents\/conseil multidisciplinaire<\/li>\n<li>Beauregard\u00a0: R:\/Guichet DSM<\/li>\n<\/ul>\n<p>Afin de bien planifier le d\u00e9roulement de cette assembl\u00e9e et d\u2019anticiper le quorum, vous \u00eates pri\u00e9 de bien vouloir confirmer le lieu de votre pr\u00e9sence au plus tard le mercredi 30 mai 2018, soit par\u00a0:<\/p>\n<ul>\n<li>courriel \u00e0 l\u2019adresse suivante\u00a0: <a href=\"mailto:conseil_multidisciplinaire.cisssmc16@ssss.gouv.qc.ca\" target=\"_blank\" rel=\"noopener\">conseil_multidisciplinaire.cisssmc16@ssss.gouv.qc.ca<\/a><\/li>\n<li>en laissant un message dans la bo\u00eete vocale du conseil multidiscipliniaire au<br \/>\n450 358-2578, poste 2179.<\/li>\n<\/ul>\n<p>Apportez votre lunch.\u00a0Nous comptons sur votre pr\u00e9sence.<\/p>\n","protected":false},"excerpt":{"rendered":"<p>Nous vous rappelons que l&rsquo;assembl\u00e9e g\u00e9n\u00e9rale annuelle du Conseil multidisciplinaire se tiendra le jeudi 31 mai 2018 de 12 h \u00e0 13 h.<\/p>\n","protected":false},"author":9,"featured_media":0,"comment_status":"open","ping_status":"closed","sticky":false,"template":"","format":"standard","meta":{"footnotes":""},"categories":[1],"tags":[],"_links":{"self":[{"href":"https:\/\/santemc.quebec\/icentre\/wp-json\/wp\/v2\/posts\/6904"}],"collection":[{"href":"https:\/\/santemc.quebec\/icentre\/wp-json\/wp\/v2\/posts"}],"about":[{"href":"https:\/\/santemc.quebec\/icentre\/wp-json\/wp\/v2\/types\/post"}],"author":[{"embeddable":true,"href":"https:\/\/santemc.quebec\/icentre\/wp-json\/wp\/v2\/users\/9"}],"replies":[{"embeddable":true,"href":"https:\/\/santemc.quebec\/icentre\/wp-json\/wp\/v2\/comments?post=6904"}],"version-history":[{"count":2,"href":"https:\/\/santemc.quebec\/icentre\/wp-json\/wp\/v2\/posts\/6904\/revisions"}],"predecessor-version":[{"id":6906,"href":"https:\/\/santemc.quebec\/icentre\/wp-json\/wp\/v2\/posts\/6904\/revisions\/6906"}],"wp:attachment":[{"href":"https:\/\/santemc.quebec\/icentre\/wp-json\/wp\/v2\/media?parent=6904"}],"wp:term":[{"taxonomy":"category","embeddable":true,"href":"https:\/\/santemc.quebec\/icentre\/wp-json\/wp\/v2\/categories?post=6904"},{"taxonomy":"post_tag","embeddable":true,"href":"https:\/\/santemc.quebec\/icentre\/wp-json\/wp\/v2\/tags?post=6904"}],"curies":[{"name":"wp","href":"https:\/\/api.w.org\/{rel}","templated":true}]}}