{"id":6977,"date":"2018-05-31T13:48:34","date_gmt":"2018-05-31T17:48:34","guid":{"rendered":"http:\/\/santemc.quebec\/icentre\/?p=6977"},"modified":"2018-05-31T14:20:54","modified_gmt":"2018-05-31T18:20:54","slug":"entree-en-vigueur-de-la-politique-pour-des-environnements-sans-fumee-du-cisss-de-la-monteregie-centre","status":"publish","type":"post","link":"https:\/\/santemc.quebec\/icentre\/entree-en-vigueur-de-la-politique-pour-des-environnements-sans-fumee-du-cisss-de-la-monteregie-centre\/","title":{"rendered":"Entr\u00e9e en vigueur de la politique pour des environnements sans fum\u00e9e du CISSS de la Mont\u00e9r\u00e9gie-Centre"},"content":{"rendered":"<p>Bonjour,<\/p>\n<p>C\u2019est aujourd\u2019hui qu\u2019entre en vigueur la politique pour des environnements sans fum\u00e9e de notre organisation. Adopt\u00e9e par le conseil d\u2019administration en novembre dernier, cette politique sera d\u00e9ploy\u00e9e en trois phases au cours des trois prochaines ann\u00e9es et permettra, \u00e0 terme, d\u2019offrir des environnements int\u00e9rieurs et ext\u00e9rieurs totalement sans fum\u00e9e pour tous, tant pour les usagers que les visiteurs, les employ\u00e9s, les b\u00e9n\u00e9voles, les stagiaires et les m\u00e9decins.<\/p>\n<p><!--more--><\/p>\n<p>C\u2019est donc dire que, progressivement d\u2019ici 2020, l\u2019usage du tabac et de ses d\u00e9riv\u00e9s (ex. vapoteuse) sera interdit \u00e0 l\u2019int\u00e9rieur et sur l\u2019ensemble des terrains, incluant les stationnements, des installations \u00e9tant la propri\u00e9t\u00e9 du CISSS de la Mont\u00e9r\u00e9gie-Centre ou dans lesquelles l\u2019\u00e9tablissement est le seul locataire occupant.<\/p>\n<p>Cette d\u00e9marche se veut non seulement une fa\u00e7on de prot\u00e9ger de l\u2019exposition \u00e0 la fum\u00e9e du tabac tous ceux qui fr\u00e9quentent nos installations, mais aussi de soutenir les fumeurs qui d\u00e9sirent abandonner le tabac ou diminuer leur consommation.<\/p>\n<p><strong>Que pr\u00e9voit la premi\u00e8re phase de d\u00e9ploiement de la politique pour des environnements sans fum\u00e9e?<\/strong><br \/>\n\u00c0 compter d\u2019aujourd\u2019hui, le 31 mai 2018, tous les CLSC, les cliniques externes ou cliniques de services ambulatoires, la maison de naissance, les bureaux administratifs et les v\u00e9hicules du CISSS de la Mont\u00e9r\u00e9gie-Centre sont sans fum\u00e9e. L\u2019usage du tabac est interdit \u00e0 l\u2019int\u00e9rieur et sur l\u2019ensemble des terrains, incluant les stationnements, des installations \u00e9tant la propri\u00e9t\u00e9 du CISSS de la Mont\u00e9r\u00e9gie-Centre ou dans lesquelles l\u2019\u00e9tablissement est le seul locataire occupant.<\/p>\n<p>Installations cibl\u00e9es :<\/p>\n<ul>\n<li>CLSC Samuel-de-Champlain<\/li>\n<li>CLSC Saint-Hubert<\/li>\n<li>CLSC du Richelieu<\/li>\n<li>Maison de naissance du Richelieu\/Info-Sant\u00e9<\/li>\n<li>Clinique Labont\u00e9<\/li>\n<li>1255, rue Beauregard<\/li>\n<li>2924, boulevard Taschereau<\/li>\n<li>Centre de services ambulatoires et unit\u00e9 de m\u00e9decine familiale de Saint-Jean-sur-Richelieu<\/li>\n<\/ul>\n<p>Pour les installations du CISSS de la Mont\u00e9r\u00e9gie-Centre n\u2019\u00e9tant pas mentionn\u00e9es ci-haut, l\u2019interdiction de fumer \u00e0 l\u2019int\u00e9rieur et \u00e0 l\u2019ext\u00e9rieur dans un rayon de 9 m\u00e8tres pr\u00e9vue par la Loi continue de s\u2019appliquer.<\/p>\n<p>Au cours des prochaines semaines, des panneaux de signalisation seront install\u00e9s \u00e0 l\u2019ext\u00e9rieur des installations cibl\u00e9es par la phase 1 de la politique. Nous comptons sur la collaboration de tous les employ\u00e9s, m\u00e9decins et b\u00e9n\u00e9voles pour non seulement respecter la politique, mais aussi en faire la promotion aupr\u00e8s des usagers et des visiteurs. Pour toute question concernant la politique, vous \u00eates invit\u00e9s \u00e0 vous adresser \u00e0 votre gestionnaire.<\/p>\n<p><strong>Prochaines phases<\/strong><br \/>\nD\u00e9ploy\u00e9es les 31 mai 2019 et 2020, les prochaines phases de la politique concerneront respectivement les h\u00f4pitaux et les CHSLD du CISSS. Toute l\u2019information concernant ces phases vous sera achemin\u00e9e dans les prochains mois.<\/p>\n<p>Richard Deschamps, pr\u00e9sident-directeur g\u00e9n\u00e9ral<br \/>\nDre Julie Loslier, directrice de sant\u00e9 publique<\/p>\n","protected":false},"excerpt":{"rendered":"<p>Bonjour, C\u2019est aujourd\u2019hui qu\u2019entre en vigueur la politique pour des environnements sans fum\u00e9e de notre organisation. Adopt\u00e9e par le conseil d\u2019administration en novembre dernier, cette politique sera d\u00e9ploy\u00e9e en trois phases au cours des trois prochaines ann\u00e9es et permettra, \u00e0 &hellip; <a href=\"https:\/\/santemc.quebec\/icentre\/entree-en-vigueur-de-la-politique-pour-des-environnements-sans-fumee-du-cisss-de-la-monteregie-centre\/\">Continuer la lecture <span class=\"meta-nav\">&rarr;<\/span><\/a><\/p>\n","protected":false},"author":9,"featured_media":0,"comment_status":"open","ping_status":"closed","sticky":false,"template":"","format":"standard","meta":{"footnotes":""},"categories":[1],"tags":[],"_links":{"self":[{"href":"https:\/\/santemc.quebec\/icentre\/wp-json\/wp\/v2\/posts\/6977"}],"collection":[{"href":"https:\/\/santemc.quebec\/icentre\/wp-json\/wp\/v2\/posts"}],"about":[{"href":"https:\/\/santemc.quebec\/icentre\/wp-json\/wp\/v2\/types\/post"}],"author":[{"embeddable":true,"href":"https:\/\/santemc.quebec\/icentre\/wp-json\/wp\/v2\/users\/9"}],"replies":[{"embeddable":true,"href":"https:\/\/santemc.quebec\/icentre\/wp-json\/wp\/v2\/comments?post=6977"}],"version-history":[{"count":2,"href":"https:\/\/santemc.quebec\/icentre\/wp-json\/wp\/v2\/posts\/6977\/revisions"}],"predecessor-version":[{"id":6982,"href":"https:\/\/santemc.quebec\/icentre\/wp-json\/wp\/v2\/posts\/6977\/revisions\/6982"}],"wp:attachment":[{"href":"https:\/\/santemc.quebec\/icentre\/wp-json\/wp\/v2\/media?parent=6977"}],"wp:term":[{"taxonomy":"category","embeddable":true,"href":"https:\/\/santemc.quebec\/icentre\/wp-json\/wp\/v2\/categories?post=6977"},{"taxonomy":"post_tag","embeddable":true,"href":"https:\/\/santemc.quebec\/icentre\/wp-json\/wp\/v2\/tags?post=6977"}],"curies":[{"name":"wp","href":"https:\/\/api.w.org\/{rel}","templated":true}]}}