{"id":6979,"date":"2018-05-31T14:20:02","date_gmt":"2018-05-31T18:20:02","guid":{"rendered":"http:\/\/santemc.quebec\/icentre\/?p=6979"},"modified":"2018-05-31T14:20:24","modified_gmt":"2018-05-31T18:20:24","slug":"renouvellement-du-mandat-de-mme-lise-pouliot","status":"publish","type":"post","link":"https:\/\/santemc.quebec\/icentre\/renouvellement-du-mandat-de-mme-lise-pouliot\/","title":{"rendered":"Renouvellement du mandat de Mme Lise Pouliot"},"content":{"rendered":"<p>Bonjour,<\/p>\n<p>C\u2019est avec plaisir que nous vous annon\u00e7ons le renouvellement du mandat de Mme Lise Pouliot \u00e0 titre de pr\u00e9sidente-directrice g\u00e9n\u00e9rale adjointe de notre CISSS, tel qu\u2019annonc\u00e9 par le conseil des ministres lors de sa s\u00e9ance d\u2019hier.<\/p>\n<p><!--more--><\/p>\n<p>Au cours des trois derni\u00e8res ann\u00e9es, Mme Pouliot a men\u00e9 avec doigt\u00e9 un grand nombre de dossiers organisationnels. \u00ab Je me r\u00e9jouis de poursuivre \u00e0 ses c\u00f4t\u00e9s notre travail \u00e0 la fois compl\u00e9mentaire et investi d\u2019une vision commune \u00bb, pr\u00e9cise M. Deschamps. Chapeautant les programmes de sant\u00e9 physique et g\u00e9n\u00e9rale au sein de notre \u00e9tablissement, elle a toujours eu comme principale pr\u00e9occupation le mieux-\u00eatre des usagers, favorisant un meilleur acc\u00e8s et la personnalisation des soins et services. La fine connaissance de Mme Pouliot des enjeux cliniques et son leadership lui ont conf\u00e9r\u00e9 un r\u00f4le de premier plan pour mener le vaste chantier de r\u00e9organisation de nos lieux de soins et services entam\u00e9 l\u2019an dernier. Ajoutons que dans tous les dossiers d\u2019am\u00e9lioration et d\u2019harmonisation auxquels elle participe, Mme Pouliot accorde une grande place au point de vue des usagers \u00e0 l\u2019\u00e9gard de leurs soins.<\/p>\n<p>Dot\u00e9e d\u2019une approche rigoureuse, collaborative et humaine, Mme Pouliot est d\u2019un apport sans conteste pour notre organisation. Nous lui offrons nos remerciements et notre soutien dans la poursuite de ses activit\u00e9s.<\/p>\n<p>Au nom des membres du conseil d\u2019administration et en nos noms personnels, nous f\u00e9licitons chaleureusement Mme Pouliot pour le renouvellement de son mandat.<\/p>\n<p>Richard Deschamps, pr\u00e9sident-directeur g\u00e9n\u00e9ral<br \/>\nPierre Boucher, pr\u00e9sident du conseil d\u2019administration<\/p>\n","protected":false},"excerpt":{"rendered":"<p>Bonjour, C\u2019est avec plaisir que nous vous annon\u00e7ons le renouvellement du mandat de Mme Lise Pouliot \u00e0 titre de pr\u00e9sidente-directrice g\u00e9n\u00e9rale adjointe de notre CISSS, tel qu\u2019annonc\u00e9 par le conseil des ministres lors de sa s\u00e9ance d\u2019hier.<\/p>\n","protected":false},"author":9,"featured_media":0,"comment_status":"open","ping_status":"closed","sticky":false,"template":"","format":"standard","meta":{"footnotes":""},"categories":[1],"tags":[],"_links":{"self":[{"href":"https:\/\/santemc.quebec\/icentre\/wp-json\/wp\/v2\/posts\/6979"}],"collection":[{"href":"https:\/\/santemc.quebec\/icentre\/wp-json\/wp\/v2\/posts"}],"about":[{"href":"https:\/\/santemc.quebec\/icentre\/wp-json\/wp\/v2\/types\/post"}],"author":[{"embeddable":true,"href":"https:\/\/santemc.quebec\/icentre\/wp-json\/wp\/v2\/users\/9"}],"replies":[{"embeddable":true,"href":"https:\/\/santemc.quebec\/icentre\/wp-json\/wp\/v2\/comments?post=6979"}],"version-history":[{"count":2,"href":"https:\/\/santemc.quebec\/icentre\/wp-json\/wp\/v2\/posts\/6979\/revisions"}],"predecessor-version":[{"id":6981,"href":"https:\/\/santemc.quebec\/icentre\/wp-json\/wp\/v2\/posts\/6979\/revisions\/6981"}],"wp:attachment":[{"href":"https:\/\/santemc.quebec\/icentre\/wp-json\/wp\/v2\/media?parent=6979"}],"wp:term":[{"taxonomy":"category","embeddable":true,"href":"https:\/\/santemc.quebec\/icentre\/wp-json\/wp\/v2\/categories?post=6979"},{"taxonomy":"post_tag","embeddable":true,"href":"https:\/\/santemc.quebec\/icentre\/wp-json\/wp\/v2\/tags?post=6979"}],"curies":[{"name":"wp","href":"https:\/\/api.w.org\/{rel}","templated":true}]}}