{"id":6983,"date":"2018-06-01T09:15:20","date_gmt":"2018-06-01T13:15:20","guid":{"rendered":"http:\/\/santemc.quebec\/icentre\/?p=6983"},"modified":"2018-06-01T09:17:27","modified_gmt":"2018-06-01T13:17:27","slug":"bilan-recrutement-200-embauches-depuis-le-1er-avril-copy-copy-copy-copy-copy","status":"publish","type":"post","link":"https:\/\/santemc.quebec\/icentre\/bilan-recrutement-200-embauches-depuis-le-1er-avril-copy-copy-copy-copy-copy\/","title":{"rendered":"Bilan recrutement : 105 nouvelles entr\u00e9es en fonction du 3 au 9 juin"},"content":{"rendered":"<p>Voici le deuxi\u00e8me \u00ab bilan recrutement \u00bb 2018 qui trace le portrait des r\u00e9centes embauches. La semaine prochaine, du 3 au 9 juin, le CISSS accueillera 105 nouveaux employ\u00e9s. D\u00e9couvrez qui sont ces nouvelles recrues en consultant la liste qui appara\u00eet sous le graphique. Bienvenue \u00e0 tous!<\/p>\n<p><a href=\"https:\/\/infogram.com\/copy-campagne-de-recrutement-2018-1h7g6kzl7yqj6oy\" target=\"_blank\" rel=\"noopener\"><img decoding=\"async\" loading=\"lazy\" class=\"alignright wp-image-6985 size-full\" src=\"http:\/\/santemc.quebec\/santemc\/icentre\/wp-content\/uploads\/2018\/05\/Visuel_graphique_recrutement_3-au-9juin.jpg\" alt=\"\" width=\"814\" height=\"545\" srcset=\"https:\/\/santemc.quebec\/santemc\/icentre\/wp-content\/uploads\/2018\/05\/Visuel_graphique_recrutement_3-au-9juin.jpg 814w, https:\/\/santemc.quebec\/santemc\/icentre\/wp-content\/uploads\/2018\/05\/Visuel_graphique_recrutement_3-au-9juin-300x201.jpg 300w, https:\/\/santemc.quebec\/santemc\/icentre\/wp-content\/uploads\/2018\/05\/Visuel_graphique_recrutement_3-au-9juin-768x514.jpg 768w, https:\/\/santemc.quebec\/santemc\/icentre\/wp-content\/uploads\/2018\/05\/Visuel_graphique_recrutement_3-au-9juin-448x300.jpg 448w\" sizes=\"(max-width: 814px) 100vw, 814px\" \/><\/a><\/p>\n<p>&nbsp;<\/p>\n<p><!--more--><\/p>\n<div style=\"width: 100%; float: left;\">\n<p>&nbsp;<\/p>\n<div style=\"width: 45%; float: left;\">\n<p><strong>Pour le RLS Champlain<\/strong><\/p>\n<p><strong>Groupe infirmi\u00e8res (35)<\/strong><\/p>\n<ul>\n<li>Alexandra Nadeau (CEPI)<\/li>\n<li>Alexanne Huard (Externe)<\/li>\n<li>Alice Lepage (Externe)<\/li>\n<li>Apsara Lim-G\u00e9linas (Externe)<\/li>\n<li>Audrey Lagu\u00eb (Externe)<\/li>\n<li>Camille P\u00e9loquin-Legault (Externe)<\/li>\n<li>Caroline Yelle (Externe)<\/li>\n<li>Catherine Menard (Externe)<\/li>\n<li>C\u00e9l\u00e9na Boisvert (Externe)<\/li>\n<li>Daphn\u00e9 Baril<\/li>\n<li>Emilie Beaudoin (Externe)<\/li>\n<li>Im\u00e8ne Khetir (Externe)<\/li>\n<li>Irina Tujilina (Externe)<\/li>\n<li>Janick Benoit (Externe)<\/li>\n<li>Jean Marie Junior Nestant (Externe)<\/li>\n<li>Jessica B\u00e9dard (Externe)<\/li>\n<li>Jessica Flores Romero (Externe)<\/li>\n<li>Jessica Leblanc (Externe)<\/li>\n<li>Jessica Menard<\/li>\n<li>Johanie Delcourt (Externe)<\/li>\n<li>Julie B\u00e9land (Externe)<\/li>\n<li>Laurence M\u00e9tivier-Larouche (Externe)<\/li>\n<li>Mabelle St\u00e9phanie Bonin Kenfack (Externe)<\/li>\n<li>Marika Sanscartier (Externe)<\/li>\n<li>M\u00e9lyna Dor\u00e9 (Externe)<\/li>\n<li>Nadine Girard (Externe)<\/li>\n<li>Nora Kharmoudi (Externe)<\/li>\n<li>Rosine Kamanzi Nkoure (Externe)<\/li>\n<li>Roxanne Fournier (Externe)<\/li>\n<li>Roxanne Juneau (Externe)<\/li>\n<li>Samantha Belanger (Externe)<\/li>\n<li>St\u00e9phanie Godmaire (Cepi)<\/li>\n<li>St\u00e9phanie Nadeau-Caplette (Externe)<\/li>\n<li>Vincent Lalonde (Externe)<\/li>\n<li>Xavi\u00e9 Korantin Akadj\u00e9 (Externe)<\/li>\n<\/ul>\n<p><strong>Pr\u00e9pos\u00e9es aux b\u00e9n\u00e9ficiaires (5)<\/strong><\/p>\n<ul>\n<li>Bianca Galette<\/li>\n<li>Cathl\u00e8ne Jean-Louis<\/li>\n<li>Daroueche Ali Soilihi<\/li>\n<li>Hulyce Franck Sunjio Tchuisseu<\/li>\n<li>Widza Pierre Louis<\/li>\n<\/ul>\n<p><strong>Personnel administratif (1)<\/strong><\/p>\n<ul>\n<li>Laurence C\u00f4t\u00e9 (agente administrative)<\/li>\n<\/ul>\n<p><strong>Professionnels et techniciens\u00a0en sant\u00e9 services sociaux (15)<\/strong><\/p>\n<ul>\n<li>Alexya Dussault (Technologiste M\u00e9dicale)<\/li>\n<li>Ariane Lamarche (Tech. Laboratoire M\u00e9dical)<\/li>\n<li>Audrey-Anne D\u00e9ry (Tech. Laboratoire M\u00e9dical)<\/li>\n<li>Caroline Boudreau (Travailleur Social)<\/li>\n<li>Catherine Miville (Tech. Laboratoire M\u00e9dical)<\/li>\n<li>Julie Coderre (Externe En Technologie M\u00e9dicales)<\/li>\n<li>Krystell Doyle-Gamache (Externe En Technologie M\u00e9dicales)<\/li>\n<li>Lyne Gu\u00e9rin (Tech. Laboratoire M\u00e9dical)<\/li>\n<li>Mathieu Poirier (Externe En Technologie M\u00e9dicales)<\/li>\n<li>Maude Gervais (Externe En Technologie M\u00e9dicales)<\/li>\n<li>No\u00e9mie Lapointe (Tech. Laboratoire M\u00e9dical)<\/li>\n<li>Sonia Thibault (Externe En Technologie M\u00e9dicales)<\/li>\n<li>St\u00e9phanie Durand (Externe En Technologie M\u00e9dicales)<\/li>\n<li>Vasilica Carp (Travailleur Social)<\/li>\n<li>Vincent Blanchette (Tech. Laboratoire M\u00e9dical)<\/li>\n<\/ul>\n<p><strong>Personnel de\u00a0soutien (4)<\/strong><\/p>\n<ul>\n<li>Alexandre Do (Pr\u00e9p. Entretien M\u00e9nager)<\/li>\n<li>Nikita Zbinden (Pr\u00e9p. Entretien M\u00e9nager)<\/li>\n<li>Fanny Pr\u00e9vost (Pr\u00e9p. Au Service Alimentaire)<\/li>\n<li>Jiham Andino-Nunes (Pr\u00e9p. Au Service Alimentaire)<\/li>\n<\/ul>\n<\/div>\n<div style=\"width: 45%; float: left;\">\n<p><strong>Pour le RLS\u00a0du Haut-Richelieu &#8211; Rouville<\/strong><\/p>\n<p><strong>Groupe infirmi\u00e8res (22)<\/strong><\/p>\n<ul>\n<li>ANDREANNE THERRIEN<\/li>\n<li>ANICK LAMBERT (CEPI)<\/li>\n<li>AUDREY TARDIF<\/li>\n<li>CAMILLE LAMBERT (CEPI)<\/li>\n<li>CAROLE-ANNE SAULNIER (EXTERNE)<\/li>\n<li>DAVID PERREAULT<\/li>\n<li>EVE-MARIE ROY (CEPI)<\/li>\n<li>HELENE SANSCHAGRIN<\/li>\n<li>JONATHAN SANTERRE (CEPI)<\/li>\n<li>JULIE LAPLANTE (CEPI)<\/li>\n<li>LAURENCE PROVOST (EXTERNE)<\/li>\n<li>LYSIA DAIGNEAULT (EXTERNE)<\/li>\n<li>MABELY-FE VALDIVIA-JIMENEZ (EXTERNE)<\/li>\n<li>MARIE-CLAUDE DUBE<\/li>\n<li>MARILIE BOCKUS (CEPI)<\/li>\n<li>MELINA PARET<\/li>\n<li>ROXANNE BEAUDRY (EXTERNE)<\/li>\n<li>SARAH TREMBLAY-ROULEAU (CEPI)<\/li>\n<li>STEPHANIE GAGNON (EXTERNE)<\/li>\n<li>TERESA MENESES-VAZQUEZ (EXTERNE)<\/li>\n<li>VALERIE VEILLETTE (EXTERNE)<\/li>\n<\/ul>\n<p><strong>Infirmi\u00e8res auxiliaires (3)<\/strong><\/p>\n<ul>\n<li>HELIN KARTAL (CEPIA)<\/li>\n<li>RACHEL RANDRIA (CEPIA)<\/li>\n<li>SANDRA NADEAU (CEPIA)<\/li>\n<\/ul>\n<p><strong>Pr\u00e9pos\u00e9es aux b\u00e9n\u00e9ficiaires (2)<\/strong><\/p>\n<ul>\n<li>CATHERINE ST-PIERRE<\/li>\n<li>JONATHAN PETIT<\/li>\n<\/ul>\n<p><strong>Personnel administratif (10)<\/strong><\/p>\n<ul>\n<li>ANGELIE ROY (agente administrative)<\/li>\n<li>ANNICK OUELLETTE (agente administrative)<\/li>\n<li>BRYAN SAID (agent administratif)<\/li>\n<li>CHARLIE LAPORTE (agent administratif)<\/li>\n<li>DAPHNEE BOUCHER (agente administrative)<\/li>\n<li>FANNY PIEGAY-FRASER (agente administrative)<\/li>\n<li>LIAN MEDEIROS-ROBITAILLE (agent administratif)<\/li>\n<li>LYLIE DUQUETTE (agente administrative)<\/li>\n<li>MEGANE SYLVESTRE (agente administrative)<\/li>\n<li>SHUXIA COTE-SERGERIE (agente administrative)<\/li>\n<\/ul>\n<p><strong>Professionnels et techniciens en sant\u00e9 services sociaux (5)<\/strong><\/p>\n<ul>\n<li>AUDREY-ANNE LAMARRE (TRAVAILLEUR SOCIAL)<\/li>\n<li>CAMILLE PINEAULT (ARCHIVISTE)<\/li>\n<li>CAMILLE SAVARD (TECHN. ASS. SOCIALE)<\/li>\n<li>CATHERINE FREDETTE (AGENT DE RELATIONS HUMAINES)<\/li>\n<li>VERONIQUE HAMEL (TECHN. ASS. SOCIALE)<\/li>\n<\/ul>\n<p><strong><b>Personnel\u00a0de soutien\u00a0(3)<\/b><\/strong><\/p>\n<ul>\n<li>ARIANE OLIVE-DUFORT (AIDE DE SERVICE)<\/li>\n<li>CAMILLE GERMAIN (AIDE DE SERVICE)<\/li>\n<li>MARJORIE BESSETTE (MONITEUR \u00c9DUCATON)<\/li>\n<\/ul>\n<\/div>\n<\/div>\n<p>&nbsp;<\/p>\n<p>&nbsp;<\/p>\n<p>&nbsp;<\/p>\n<p>&nbsp;<\/p>\n<p>&nbsp;<\/p>\n<p>&nbsp;<\/p>\n<p>&nbsp;<\/p>\n","protected":false},"excerpt":{"rendered":"<p>Voici le deuxi\u00e8me \u00ab bilan recrutement \u00bb 2018 qui trace le portrait des r\u00e9centes embauches. La semaine prochaine, du 3 au 9 juin, le CISSS accueillera 105 nouveaux employ\u00e9s. D\u00e9couvrez qui sont ces nouvelles recrues en consultant la liste qui &hellip; <a href=\"https:\/\/santemc.quebec\/icentre\/bilan-recrutement-200-embauches-depuis-le-1er-avril-copy-copy-copy-copy-copy\/\">Continuer la lecture <span class=\"meta-nav\">&rarr;<\/span><\/a><\/p>\n","protected":false},"author":1,"featured_media":0,"comment_status":"open","ping_status":"closed","sticky":false,"template":"","format":"standard","meta":{"footnotes":""},"categories":[91],"tags":[],"_links":{"self":[{"href":"https:\/\/santemc.quebec\/icentre\/wp-json\/wp\/v2\/posts\/6983"}],"collection":[{"href":"https:\/\/santemc.quebec\/icentre\/wp-json\/wp\/v2\/posts"}],"about":[{"href":"https:\/\/santemc.quebec\/icentre\/wp-json\/wp\/v2\/types\/post"}],"author":[{"embeddable":true,"href":"https:\/\/santemc.quebec\/icentre\/wp-json\/wp\/v2\/users\/1"}],"replies":[{"embeddable":true,"href":"https:\/\/santemc.quebec\/icentre\/wp-json\/wp\/v2\/comments?post=6983"}],"version-history":[{"count":4,"href":"https:\/\/santemc.quebec\/icentre\/wp-json\/wp\/v2\/posts\/6983\/revisions"}],"predecessor-version":[{"id":6988,"href":"https:\/\/santemc.quebec\/icentre\/wp-json\/wp\/v2\/posts\/6983\/revisions\/6988"}],"wp:attachment":[{"href":"https:\/\/santemc.quebec\/icentre\/wp-json\/wp\/v2\/media?parent=6983"}],"wp:term":[{"taxonomy":"category","embeddable":true,"href":"https:\/\/santemc.quebec\/icentre\/wp-json\/wp\/v2\/categories?post=6983"},{"taxonomy":"post_tag","embeddable":true,"href":"https:\/\/santemc.quebec\/icentre\/wp-json\/wp\/v2\/tags?post=6983"}],"curies":[{"name":"wp","href":"https:\/\/api.w.org\/{rel}","templated":true}]}}