{"id":70,"date":"2015-04-14T14:54:59","date_gmt":"2015-04-14T13:54:59","guid":{"rendered":"http:\/\/santemc.quebec\/journal\/?p=70"},"modified":"2015-05-06T17:01:46","modified_gmt":"2015-05-06T16:01:46","slug":"semaine-de-laction-benevole-du-12-au-18-avril-2015","status":"publish","type":"post","link":"https:\/\/santemc.quebec\/icentre\/semaine-de-laction-benevole-du-12-au-18-avril-2015\/","title":{"rendered":"Semaine de l\u2019action b\u00e9n\u00e9vole du 12 au 18 avril 2015"},"content":{"rendered":"<p>Bonjour,<\/p>\n<p>Dans le cadre de la Semaine de l\u2019action b\u00e9n\u00e9vole qui se d\u00e9roule jusqu\u2019au 18 avril, je vous invite \u00e0 unir vos voix pour t\u00e9moigner votre reconnaissance envers toutes ces personnes qui s\u2019impliquent dans notre milieu. Le th\u00e8me de la semaine, \u00ab Le b\u00e9n\u00e9volat, un geste gratuit, un impact collectif \u00bb, nous rappelle la port\u00e9e du don de soi et l\u2019importance de l\u2019action b\u00e9n\u00e9vole dans notre organisation.<!--more--><\/p>\n<p>Nous sommes privil\u00e9gi\u00e9s d\u2019avoir des hommes et des femmes de c\u0153ur, altruistes et d\u00e9vou\u00e9s qui consacrent leur temps \u00e0 aider leur prochain. Leurs actions quotidiennes permettent \u00e0 nos usagers de se sentir accueillis et accompagn\u00e9s avec chaleur et compassion. Les nombreuses heures offertes chaque ann\u00e9e par nos b\u00e9n\u00e9voles contribuent \u00e0 rendre nos divers soins et services encore meilleurs.<\/p>\n<p>Quelle que soit l\u2019installation dans laquelle vous \u0153uvrez, nous vous invitons \u00e0 prendre un moment pour remercier les b\u00e9n\u00e9voles qui vous entourent. En cette semaine th\u00e9matique, mais aussi tout au long de l\u2019ann\u00e9e, faisons en sorte que nos b\u00e9n\u00e9voles se sentent reconnus et appr\u00e9ci\u00e9s.<\/p>\n<p>En terminant, je tiens \u00e0 souligner et \u00e0 remercier sinc\u00e8rement les quelque 750 b\u00e9n\u00e9voles qui s\u2019impliquent sans compter au sein du CISSS de la Mont\u00e9r\u00e9gie-Centre. Vous \u00eates une richesse pour notre organisation et nous esp\u00e9rons pouvoir compter sur votre humanit\u00e9 encore longtemps.<\/p>\n","protected":false},"excerpt":{"rendered":"<p>Bonjour, Dans le cadre de la Semaine de l\u2019action b\u00e9n\u00e9vole qui se d\u00e9roule jusqu\u2019au 18 avril, je vous invite \u00e0 unir vos voix pour t\u00e9moigner votre reconnaissance envers toutes ces personnes qui s\u2019impliquent dans notre milieu. Le th\u00e8me de la &hellip; <a href=\"https:\/\/santemc.quebec\/icentre\/semaine-de-laction-benevole-du-12-au-18-avril-2015\/\">Continuer la lecture <span class=\"meta-nav\">&rarr;<\/span><\/a><\/p>\n","protected":false},"author":1,"featured_media":0,"comment_status":"open","ping_status":"closed","sticky":false,"template":"","format":"standard","meta":{"footnotes":""},"categories":[9],"tags":[],"_links":{"self":[{"href":"https:\/\/santemc.quebec\/icentre\/wp-json\/wp\/v2\/posts\/70"}],"collection":[{"href":"https:\/\/santemc.quebec\/icentre\/wp-json\/wp\/v2\/posts"}],"about":[{"href":"https:\/\/santemc.quebec\/icentre\/wp-json\/wp\/v2\/types\/post"}],"author":[{"embeddable":true,"href":"https:\/\/santemc.quebec\/icentre\/wp-json\/wp\/v2\/users\/1"}],"replies":[{"embeddable":true,"href":"https:\/\/santemc.quebec\/icentre\/wp-json\/wp\/v2\/comments?post=70"}],"version-history":[{"count":2,"href":"https:\/\/santemc.quebec\/icentre\/wp-json\/wp\/v2\/posts\/70\/revisions"}],"predecessor-version":[{"id":73,"href":"https:\/\/santemc.quebec\/icentre\/wp-json\/wp\/v2\/posts\/70\/revisions\/73"}],"wp:attachment":[{"href":"https:\/\/santemc.quebec\/icentre\/wp-json\/wp\/v2\/media?parent=70"}],"wp:term":[{"taxonomy":"category","embeddable":true,"href":"https:\/\/santemc.quebec\/icentre\/wp-json\/wp\/v2\/categories?post=70"},{"taxonomy":"post_tag","embeddable":true,"href":"https:\/\/santemc.quebec\/icentre\/wp-json\/wp\/v2\/tags?post=70"}],"curies":[{"name":"wp","href":"https:\/\/api.w.org\/{rel}","templated":true}]}}