{"id":7068,"date":"2018-06-07T13:43:42","date_gmt":"2018-06-07T17:43:42","guid":{"rendered":"http:\/\/santemc.quebec\/icentre\/?p=7068"},"modified":"2018-06-07T15:18:35","modified_gmt":"2018-06-07T19:18:35","slug":"bilan-recrutement-200-embauches-depuis-le-1er-avril-copy-copy-copy-copy-copy-copy","status":"publish","type":"post","link":"https:\/\/santemc.quebec\/icentre\/bilan-recrutement-200-embauches-depuis-le-1er-avril-copy-copy-copy-copy-copy-copy\/","title":{"rendered":"Bilan recrutement : 93 nouvelles entr\u00e9es en fonction du 10 au 16 juin"},"content":{"rendered":"<p>Voici le troisi\u00e8me \u00ab bilan recrutement \u00bb 2018 qui trace le portrait des plus r\u00e9centes embauches. La semaine prochaine, du 10 au 16 juin, le CISSS accueillera 93 nouveaux employ\u00e9s. D\u00e9couvrez qui sont ces nouvelles recrues en consultant la liste qui appara\u00eet sous le graphique. Bienvenue \u00e0 tous!<\/p>\n<p><a href=\"https:\/\/infogram.com\/copy-campagne-de-recrutement-2018-1h7g6kzl7yqj6oy\" target=\"_blank\" rel=\"noopener\"><img decoding=\"async\" loading=\"lazy\" class=\"alignright wp-image-7077 size-full\" src=\"http:\/\/santemc.quebec\/santemc\/icentre\/wp-content\/uploads\/2018\/06\/Tableau_recrutement_semaine10juin.jpg\" alt=\"\" width=\"826\" height=\"549\" srcset=\"https:\/\/santemc.quebec\/santemc\/icentre\/wp-content\/uploads\/2018\/06\/Tableau_recrutement_semaine10juin.jpg 826w, https:\/\/santemc.quebec\/santemc\/icentre\/wp-content\/uploads\/2018\/06\/Tableau_recrutement_semaine10juin-300x199.jpg 300w, https:\/\/santemc.quebec\/santemc\/icentre\/wp-content\/uploads\/2018\/06\/Tableau_recrutement_semaine10juin-768x510.jpg 768w, https:\/\/santemc.quebec\/santemc\/icentre\/wp-content\/uploads\/2018\/06\/Tableau_recrutement_semaine10juin-451x300.jpg 451w\" sizes=\"(max-width: 826px) 100vw, 826px\" \/><\/a><\/p>\n<p>&nbsp;<\/p>\n<p>&nbsp;<\/p>\n<p><!--more--><\/p>\n<div style=\"width: 100%; float: left;\">\n<p>&nbsp;<\/p>\n<div style=\"width: 45%; float: left;\">\n<p><strong>Pour le RLS Champlain<\/strong><\/p>\n<p><strong>Groupe infirmi\u00e8res (16)<\/strong><\/p>\n<ul>\n<li>Alona Bugaenko<\/li>\n<li>Camile Lamontagne (CEPI)<\/li>\n<li>Carolanne Bourdon (CEPI)<\/li>\n<li>Catherine B\u00e9rub\u00e9 (CEPI)<\/li>\n<li>Chlo\u00e9 B\u00e9lair-C\u00f4t\u00e9<\/li>\n<li>Emilie Howie (CEPI)<\/li>\n<li>Guy Martial Nguebachi Tchakoue (CEPI)<\/li>\n<li>H\u00e9l\u00e9na Bilodeau<\/li>\n<li>Patrice Jeannotte-Dumas (Externe)<\/li>\n<li>Sandrine H\u00e9bert (CEPI)<\/li>\n<li>Saoua-Melissa Lemay-Nague<\/li>\n<li>Sarah-Anne Poissant (CEPI)<\/li>\n<li>Serge Ilufa Ilela (CEPI)<\/li>\n<li>Sharon Cam<\/li>\n<li>Taghbaloute Ait Ichen<\/li>\n<li>Zhen Dodier (CEPI)<\/li>\n<\/ul>\n<p><strong>Infirmi\u00e8res auxiliaires (4)<\/strong><\/p>\n<ul>\n<li>Lisely Flores Violeta<\/li>\n<li>Marjorie Fourrien<\/li>\n<li>Rosana Torres Carrasco<\/li>\n<li>Swamy Hamel (CEPIA)<\/li>\n<\/ul>\n<p><strong>Pr\u00e9pos\u00e9es aux b\u00e9n\u00e9ficiaires (4)<\/strong><\/p>\n<ul>\n<li>Fr\u00e9d\u00e9rique Lalonde<\/li>\n<li>Kiera Matthew<\/li>\n<li>Sarra Selmane<\/li>\n<li>Thomas Fortin-Langelier<\/li>\n<\/ul>\n<p><strong>Personnel administratif (21)<\/strong><\/p>\n<ul>\n<li>Abiba Ouedraogo (Agent (e) administratif (ve))<\/li>\n<li>Audrey Martel (Agent(e) administratif (ve))<\/li>\n<li>Alya Naseer (Agent (e) administratif (ve))<\/li>\n<li>Am\u00e9lie Quirion (Agent (e) administratif (ve))<\/li>\n<li>Camila Silva (Agent (e) administratif (ve))<\/li>\n<li>Camille Bouchard (Agent (e) administratif (ve))<\/li>\n<li>Catherine Caron (Agent (e) administratif (ve))<\/li>\n<li>Eve Bienvenue (Agent (e) administratif (ve))<\/li>\n<li>Gabriel Trudeau (Agent (e) administratif (ve))<\/li>\n<li>Jos\u00e9e Gauthier (Agent (e) administratif (ve))<\/li>\n<li>Julie-Anne Cartier (Agent (e) administratif (ve))<\/li>\n<li>Kim Gordon (Agent (e) administratif (ve))<\/li>\n<li>Laurence Ducharme (Agent (e) administratif (ve))<\/li>\n<li>Laurence Dussault (Agent (e) administratif (ve))<\/li>\n<li>Laurence Thomassin-Rochon (Agent (e) administratif (ve))<\/li>\n<li>Laurie Fontaine (Agent (e) administratif (ve))<\/li>\n<li>Marie-Pier Belval (Agent (e) administratif (ve))<\/li>\n<li>Meihan Carrier-Brisson (Agent (e) administratif (ve))<\/li>\n<li>Salom\u00e9 Moindrot-Zilliox (Agent (e) administratif (ve))<\/li>\n<li>Sebastian Leduc-Martinez (Agent (e) administratif (ve))<\/li>\n<li>Vincent Beaudoin (Agent (e) administratif (ve))<\/li>\n<\/ul>\n<p><strong>Professionnels et techniciens\u00a0en sant\u00e9 services sociaux (9)<\/strong><\/p>\n<ul>\n<li>Am\u00e9lie Sasseville (externe en technologies m\u00e9dicales)<\/li>\n<li>B\u00e9atrice Bessette (Th\u00e9rapeute en r\u00e9adaptation physique)<\/li>\n<li>C\u00e9dric Dassigli (Ing\u00e9nieur (e) biom\u00e9dical (e))<\/li>\n<li>Dominique St-Antoine (Agent (e) de relations humaines)<\/li>\n<li>Fr\u00e9d\u00e9rique Beauregard (Th\u00e9rapeute en r\u00e9adaptation physique)<\/li>\n<li>Guylaine Rousse (Techn. en imagerie m\u00e9dicale du domaine du radiodiagnostic)<\/li>\n<li>Laurie Parent (Technologiste m\u00e9dical (e))<\/li>\n<li>Marie-Claire Lam (externe en technologies m\u00e9dicales)<\/li>\n<li>Mauricio Camacho (Techn. en imagerie m\u00e9dicale du domaine du radiodiagnostic)<\/li>\n<\/ul>\n<p><strong>Personnel de\u00a0soutien (2)<\/strong><\/p>\n<ul>\n<li>Christina Ingrid Filostin (Pr\u00e9pos\u00e9 (e) entretien m\u00e9nager)<\/li>\n<li>Sophie Lemire (Pr\u00e9pos\u00e9 (e) au service alimentaire)<\/li>\n<\/ul>\n<p>&nbsp;<\/p>\n<\/div>\n<div style=\"width: 45%; float: left;\">\n<p><strong>Pour le RLS\u00a0du Haut-Richelieu &#8211; Rouville<\/strong><\/p>\n<p><strong>Groupe infirmi\u00e8res (15)<\/strong><\/p>\n<ul>\n<li>ALEXANDRA BOYER (EXTERNE)<\/li>\n<li>ALEXANNE HUARD (EXTERNE)<\/li>\n<li>AMELIE ST-PIERRE<\/li>\n<li>ANNA COLLINI<\/li>\n<li>AUDREY PROVOST (EXTERNE)<\/li>\n<li>BRIGITTE-ANNE HEBERT (INF. CLINICIENNE)<\/li>\n<li>CORALIE ROUSSEAU (EXTERNE)<\/li>\n<li>JANICE YUET-MEN LAW (EXTERNE)<\/li>\n<li>JOELLE BEAULIEU (EXTERNE)<\/li>\n<li>JOHANNE DEMERS<\/li>\n<li>KIM JENNEAU (EXTERNE)<\/li>\n<li>LOUIS-PHILLIP BEDARD (EXTERNE)<\/li>\n<li>MARISSA TZINEVRAKIS<\/li>\n<li>SABRINA BESSETTE (EXTERNE)<\/li>\n<li>V\u00c9RONIQUE LABERGE (CEPI)<\/li>\n<\/ul>\n<p><strong>Infirmi\u00e8re auxiliaire (1)<\/strong><\/p>\n<ul>\n<li>JASMINE LORD (CEPIA)<\/li>\n<\/ul>\n<p><strong>Pr\u00e9pos\u00e9es aux b\u00e9n\u00e9ficiaires (3)<\/strong><\/p>\n<ul>\n<li>CHANTAL AUCLAIR<\/li>\n<li>CHANTAL BERNAIS<\/li>\n<li>EMMANUELLE BOISVERT<\/li>\n<\/ul>\n<p><strong>Personnel administratif (12)<\/strong><\/p>\n<ul>\n<li>CAROLINE COTE (AGENT (E) ADMINISTRATIF (VE))<\/li>\n<li>CEDRIC FLEURY (AGENT (E) ADMINISTRATIF (VE))<\/li>\n<li>CHARLENE GOUSY-QUINTIN (AGENT (E) ADMINISTRATIF (VE))<\/li>\n<li>CHARLIE VOYER (AGENT (E) ADMINISTRATIF (VE))<\/li>\n<li>FREDERICK GENDRON DEMERS (AGENT (E) ADMINISTRATIF (VE))<\/li>\n<li>JESSICA PROVENCHER-LUSIGNAN (AGENT (E) ADMINISTRATIF (VE))<\/li>\n<li>MARIE-PIER MENDES (AGENT (E) ADMINISTRATIF (VE))<\/li>\n<li>ROXANNE SAVIGNAC (AGENT (E) ADMINISTRATIF (VE))<\/li>\n<li>SANDRINE BRODEUR (AGENT (E) ADMINISTRATIF (VE))<\/li>\n<li>STEPHANIE SOUDOH (AGENT (E) ADMINISTRATIF (VE))<\/li>\n<li>TATIANA CLAPATIUC (AGENT (E) ADMINISTRATIF (VE))<\/li>\n<li>WILLIAM LEMAY (AGENT (E) ADMINISTRATIF (VE))<\/li>\n<\/ul>\n<p><strong><b>Personnel\u00a0de soutien\u00a0(6)<\/b><\/strong><\/p>\n<ul>\n<li>DANIELLE DAUNAIS (PREP. SERV. ALIMENTAIRE)<\/li>\n<li>ELOISE RIVARD (AIDE DE SERVICE)<\/li>\n<li>ERIC RUDMAN (PREP. SERV. ALIMENTAIRE)<\/li>\n<li>ISABELLE TOUPIN (PREP.SER.ALIMENTAIRE)<\/li>\n<li>LINDA TRUDEL (PREP. SERV. ALIMENTAIRE)<\/li>\n<li>PIERICK FONTAINE (MEC.ENT\/OUV.ENT.GEN)<\/li>\n<\/ul>\n<p>&nbsp;<\/p>\n<\/div>\n<\/div>\n<p>&nbsp;<\/p>\n<p>&nbsp;<\/p>\n<p>&nbsp;<\/p>\n<p>&nbsp;<\/p>\n<p>&nbsp;<\/p>\n<p>&nbsp;<\/p>\n<p>&nbsp;<\/p>\n","protected":false},"excerpt":{"rendered":"<p>Voici le troisi\u00e8me \u00ab bilan recrutement \u00bb 2018 qui trace le portrait des plus r\u00e9centes embauches. La semaine prochaine, du 10 au 16 juin, le CISSS accueillera 93 nouveaux employ\u00e9s. D\u00e9couvrez qui sont ces nouvelles recrues en consultant la liste &hellip; <a href=\"https:\/\/santemc.quebec\/icentre\/bilan-recrutement-200-embauches-depuis-le-1er-avril-copy-copy-copy-copy-copy-copy\/\">Continuer la lecture <span class=\"meta-nav\">&rarr;<\/span><\/a><\/p>\n","protected":false},"author":1,"featured_media":0,"comment_status":"open","ping_status":"closed","sticky":false,"template":"","format":"standard","meta":{"footnotes":""},"categories":[91],"tags":[],"_links":{"self":[{"href":"https:\/\/santemc.quebec\/icentre\/wp-json\/wp\/v2\/posts\/7068"}],"collection":[{"href":"https:\/\/santemc.quebec\/icentre\/wp-json\/wp\/v2\/posts"}],"about":[{"href":"https:\/\/santemc.quebec\/icentre\/wp-json\/wp\/v2\/types\/post"}],"author":[{"embeddable":true,"href":"https:\/\/santemc.quebec\/icentre\/wp-json\/wp\/v2\/users\/1"}],"replies":[{"embeddable":true,"href":"https:\/\/santemc.quebec\/icentre\/wp-json\/wp\/v2\/comments?post=7068"}],"version-history":[{"count":6,"href":"https:\/\/santemc.quebec\/icentre\/wp-json\/wp\/v2\/posts\/7068\/revisions"}],"predecessor-version":[{"id":7079,"href":"https:\/\/santemc.quebec\/icentre\/wp-json\/wp\/v2\/posts\/7068\/revisions\/7079"}],"wp:attachment":[{"href":"https:\/\/santemc.quebec\/icentre\/wp-json\/wp\/v2\/media?parent=7068"}],"wp:term":[{"taxonomy":"category","embeddable":true,"href":"https:\/\/santemc.quebec\/icentre\/wp-json\/wp\/v2\/categories?post=7068"},{"taxonomy":"post_tag","embeddable":true,"href":"https:\/\/santemc.quebec\/icentre\/wp-json\/wp\/v2\/tags?post=7068"}],"curies":[{"name":"wp","href":"https:\/\/api.w.org\/{rel}","templated":true}]}}