{"id":7072,"date":"2018-06-07T15:01:33","date_gmt":"2018-06-07T19:01:33","guid":{"rendered":"http:\/\/santemc.quebec\/icentre\/?p=7072"},"modified":"2018-06-07T15:01:33","modified_gmt":"2018-06-07T19:01:33","slug":"au-tour-des-benevoles-de-recevoir","status":"publish","type":"post","link":"https:\/\/santemc.quebec\/icentre\/au-tour-des-benevoles-de-recevoir\/","title":{"rendered":"Au tour des b\u00e9n\u00e9voles de recevoir!"},"content":{"rendered":"<p><a href=\"http:\/\/santemc.quebec\/santemc\/icentre\/wp-content\/uploads\/2018\/06\/IMG_1025.jpg\"><img decoding=\"async\" loading=\"lazy\" class=\"size-medium wp-image-7073 alignleft\" src=\"http:\/\/santemc.quebec\/santemc\/icentre\/wp-content\/uploads\/2018\/06\/IMG_1025-225x300.jpg\" alt=\"\" width=\"225\" height=\"300\" srcset=\"https:\/\/santemc.quebec\/santemc\/icentre\/wp-content\/uploads\/2018\/06\/IMG_1025-225x300.jpg 225w, https:\/\/santemc.quebec\/santemc\/icentre\/wp-content\/uploads\/2018\/06\/IMG_1025-768x1024.jpg 768w\" sizes=\"(max-width: 225px) 100vw, 225px\" \/><\/a>Saviez-vous que notre organisation a re\u00e7u l\u2019appui de 584 b\u00e9n\u00e9voles l\u2019ann\u00e9e derni\u00e8re? Une fois de plus, ils ont fait don de 65\u00a0032 heures. Les b\u00e9n\u00e9voles investissent ces heures, entre autres, \u00e0 soutenir, \u00e0 \u00e9couter, \u00e0 orienter et \u00e0 accompagner les usagers. Toutes ces actions contribuent \u00e0 humaniser notre offre de soins et services. Quelle que soit la mission de l\u2019installation, ces ressources d\u00e9vou\u00e9es sont disponibles pour les usagers et leur pr\u00e9sence est vivifiante.<\/p>\n<p><!--more--><\/p>\n<p>Dans le but de souligner la pr\u00e9cieuse contribution des b\u00e9n\u00e9voles, l\u2019\u00e9tablissement a organis\u00e9 une journ\u00e9e d\u2019activit\u00e9 ludique en leur honneur le 29 mai dernier. Plus de 204 b\u00e9n\u00e9voles se sont r\u00e9unis autour d\u2019un d\u00eener spaghetti, suivi d\u2019un jeu de bingo. Cette journ\u00e9e rassembleuse, o\u00f9 le plaisir \u00e9tait au rendez-vous, s\u2019inscrivait dans le cadre du programme de reconnaissance de notre organisation.<\/p>\n<div id=\"attachment_7074\" style=\"width: 235px\" class=\"wp-caption aligncenter\"><a href=\"http:\/\/santemc.quebec\/santemc\/icentre\/wp-content\/uploads\/2018\/06\/IMG_1056.jpg\"><img aria-describedby=\"caption-attachment-7074\" decoding=\"async\" loading=\"lazy\" class=\"size-medium wp-image-7074\" src=\"http:\/\/santemc.quebec\/santemc\/icentre\/wp-content\/uploads\/2018\/06\/IMG_1056-225x300.jpg\" alt=\"\" width=\"225\" height=\"300\" srcset=\"https:\/\/santemc.quebec\/santemc\/icentre\/wp-content\/uploads\/2018\/06\/IMG_1056-225x300.jpg 225w, https:\/\/santemc.quebec\/santemc\/icentre\/wp-content\/uploads\/2018\/06\/IMG_1056-768x1024.jpg 768w\" sizes=\"(max-width: 225px) 100vw, 225px\" \/><\/a><p id=\"caption-attachment-7074\" class=\"wp-caption-text\">R\u00e9jeanne Poulin, b\u00e9n\u00e9vole \u00e0 l&rsquo;H\u00f4pital du Haut-Richelieu et Nathalie Leduc, chef du service des soins spirituels et b\u00e9n\u00e9volat<\/p><\/div>\n","protected":false},"excerpt":{"rendered":"<p>Saviez-vous que notre organisation a re\u00e7u l\u2019appui de 584 b\u00e9n\u00e9voles l\u2019ann\u00e9e derni\u00e8re? Une fois de plus, ils ont fait don de 65\u00a0032 heures. Les b\u00e9n\u00e9voles investissent ces heures, entre autres, \u00e0 soutenir, \u00e0 \u00e9couter, \u00e0 orienter et \u00e0 accompagner les &hellip; <a href=\"https:\/\/santemc.quebec\/icentre\/au-tour-des-benevoles-de-recevoir\/\">Continuer la lecture <span class=\"meta-nav\">&rarr;<\/span><\/a><\/p>\n","protected":false},"author":9,"featured_media":0,"comment_status":"open","ping_status":"closed","sticky":false,"template":"","format":"standard","meta":{"footnotes":""},"categories":[1],"tags":[],"_links":{"self":[{"href":"https:\/\/santemc.quebec\/icentre\/wp-json\/wp\/v2\/posts\/7072"}],"collection":[{"href":"https:\/\/santemc.quebec\/icentre\/wp-json\/wp\/v2\/posts"}],"about":[{"href":"https:\/\/santemc.quebec\/icentre\/wp-json\/wp\/v2\/types\/post"}],"author":[{"embeddable":true,"href":"https:\/\/santemc.quebec\/icentre\/wp-json\/wp\/v2\/users\/9"}],"replies":[{"embeddable":true,"href":"https:\/\/santemc.quebec\/icentre\/wp-json\/wp\/v2\/comments?post=7072"}],"version-history":[{"count":1,"href":"https:\/\/santemc.quebec\/icentre\/wp-json\/wp\/v2\/posts\/7072\/revisions"}],"predecessor-version":[{"id":7075,"href":"https:\/\/santemc.quebec\/icentre\/wp-json\/wp\/v2\/posts\/7072\/revisions\/7075"}],"wp:attachment":[{"href":"https:\/\/santemc.quebec\/icentre\/wp-json\/wp\/v2\/media?parent=7072"}],"wp:term":[{"taxonomy":"category","embeddable":true,"href":"https:\/\/santemc.quebec\/icentre\/wp-json\/wp\/v2\/categories?post=7072"},{"taxonomy":"post_tag","embeddable":true,"href":"https:\/\/santemc.quebec\/icentre\/wp-json\/wp\/v2\/tags?post=7072"}],"curies":[{"name":"wp","href":"https:\/\/api.w.org\/{rel}","templated":true}]}}