{"id":7089,"date":"2018-06-13T10:22:18","date_gmt":"2018-06-13T14:22:18","guid":{"rendered":"http:\/\/santemc.quebec\/icentre\/?p=7089"},"modified":"2018-06-13T10:22:18","modified_gmt":"2018-06-13T14:22:18","slug":"des-travailleurs-engages-a-legard-de-la-securite-transfusionnelle","status":"publish","type":"post","link":"https:\/\/santemc.quebec\/icentre\/des-travailleurs-engages-a-legard-de-la-securite-transfusionnelle\/","title":{"rendered":"Des travailleurs engag\u00e9s \u00e0 l\u2019\u00e9gard de la s\u00e9curit\u00e9 transfusionnelle"},"content":{"rendered":"<p>Du 11 au 17 juin se d\u00e9roule la 12<sup>e<\/sup> \u00e9dition de la Semaine de la s\u00e9curit\u00e9 transfusionnelle en collaboration avec l\u2019Association professionnelle des charg\u00e9s de s\u00e9curit\u00e9 transfusionnelle du Qu\u00e9bec. Cette ann\u00e9e, la semaine met l\u2019accent sur le processus continu des meilleures pratiques pour la s\u00e9curit\u00e9 transfusionnelle. Du don \u00e0 la transfusion, la s\u00e9curit\u00e9 est au c\u0153ur des pr\u00e9occupations de tous les travailleurs impliqu\u00e9s dans le processus transfusionnel.<\/p>\n<p><!--more--><\/p>\n<p>Les charg\u00e9s de s\u00e9curit\u00e9 transfusionnelle assurent le respect des meilleures pratiques qui entourent la transfusion de produits sanguins. Que ce soit lors de la pr\u00e9paration du don, des analyses de laboratoire ou de la transfusion en centres hospitaliers, les technologistes m\u00e9dicaux, infirmi\u00e8res, inhalot\u00e9rapeutes, perfusionnistes et autres professionnels de la sant\u00e9 qui pratiquent la m\u00e9decine transfusionnelle sont form\u00e9s afin d\u2019offrir un service r\u00e9pondant au meilleur standard de s\u00e9curit\u00e9.<\/p>\n<p>En cette semaine qu\u00e9b\u00e9coise, soulignons les efforts de tous ces travailleurs \u00e0 l\u2019\u00e9gard de la s\u00e9curit\u00e9 transfusionnelle!<\/p>\n<p>&nbsp;<\/p>\n","protected":false},"excerpt":{"rendered":"<p>Du 11 au 17 juin se d\u00e9roule la 12e \u00e9dition de la Semaine de la s\u00e9curit\u00e9 transfusionnelle en collaboration avec l\u2019Association professionnelle des charg\u00e9s de s\u00e9curit\u00e9 transfusionnelle du Qu\u00e9bec. Cette ann\u00e9e, la semaine met l\u2019accent sur le processus continu des &hellip; <a href=\"https:\/\/santemc.quebec\/icentre\/des-travailleurs-engages-a-legard-de-la-securite-transfusionnelle\/\">Continuer la lecture <span class=\"meta-nav\">&rarr;<\/span><\/a><\/p>\n","protected":false},"author":9,"featured_media":0,"comment_status":"open","ping_status":"closed","sticky":false,"template":"","format":"standard","meta":{"footnotes":""},"categories":[1],"tags":[],"_links":{"self":[{"href":"https:\/\/santemc.quebec\/icentre\/wp-json\/wp\/v2\/posts\/7089"}],"collection":[{"href":"https:\/\/santemc.quebec\/icentre\/wp-json\/wp\/v2\/posts"}],"about":[{"href":"https:\/\/santemc.quebec\/icentre\/wp-json\/wp\/v2\/types\/post"}],"author":[{"embeddable":true,"href":"https:\/\/santemc.quebec\/icentre\/wp-json\/wp\/v2\/users\/9"}],"replies":[{"embeddable":true,"href":"https:\/\/santemc.quebec\/icentre\/wp-json\/wp\/v2\/comments?post=7089"}],"version-history":[{"count":1,"href":"https:\/\/santemc.quebec\/icentre\/wp-json\/wp\/v2\/posts\/7089\/revisions"}],"predecessor-version":[{"id":7090,"href":"https:\/\/santemc.quebec\/icentre\/wp-json\/wp\/v2\/posts\/7089\/revisions\/7090"}],"wp:attachment":[{"href":"https:\/\/santemc.quebec\/icentre\/wp-json\/wp\/v2\/media?parent=7089"}],"wp:term":[{"taxonomy":"category","embeddable":true,"href":"https:\/\/santemc.quebec\/icentre\/wp-json\/wp\/v2\/categories?post=7089"},{"taxonomy":"post_tag","embeddable":true,"href":"https:\/\/santemc.quebec\/icentre\/wp-json\/wp\/v2\/tags?post=7089"}],"curies":[{"name":"wp","href":"https:\/\/api.w.org\/{rel}","templated":true}]}}