{"id":7091,"date":"2018-06-13T15:19:14","date_gmt":"2018-06-13T19:19:14","guid":{"rendered":"http:\/\/santemc.quebec\/icentre\/?p=7091"},"modified":"2018-06-13T15:28:02","modified_gmt":"2018-06-13T19:28:02","slug":"une-deuxieme-cohorte-interne-de-pab-se-greffe-aux-equipes-de-soins","status":"publish","type":"post","link":"https:\/\/santemc.quebec\/icentre\/une-deuxieme-cohorte-interne-de-pab-se-greffe-aux-equipes-de-soins\/","title":{"rendered":"Une deuxi\u00e8me cohorte interne de PAB se greffe aux \u00e9quipes de soins"},"content":{"rendered":"<div id=\"attachment_7094\" style=\"width: 310px\" class=\"wp-caption alignleft\"><a href=\"http:\/\/santemc.quebec\/santemc\/icentre\/wp-content\/uploads\/2018\/06\/Grad050618-01H-1.jpg\"><img aria-describedby=\"caption-attachment-7094\" decoding=\"async\" loading=\"lazy\" class=\"size-medium wp-image-7094\" src=\"http:\/\/santemc.quebec\/santemc\/icentre\/wp-content\/uploads\/2018\/06\/Grad050618-01H-1-300x203.jpg\" alt=\"\" width=\"300\" height=\"203\" srcset=\"https:\/\/santemc.quebec\/santemc\/icentre\/wp-content\/uploads\/2018\/06\/Grad050618-01H-1-300x203.jpg 300w, https:\/\/santemc.quebec\/santemc\/icentre\/wp-content\/uploads\/2018\/06\/Grad050618-01H-1-768x519.jpg 768w, https:\/\/santemc.quebec\/santemc\/icentre\/wp-content\/uploads\/2018\/06\/Grad050618-01H-1-1024x692.jpg 1024w, https:\/\/santemc.quebec\/santemc\/icentre\/wp-content\/uploads\/2018\/06\/Grad050618-01H-1-444x300.jpg 444w\" sizes=\"(max-width: 300px) 100vw, 300px\" \/><\/a><p id=\"caption-attachment-7094\" class=\"wp-caption-text\">De gauche \u00e0 droite : Ginette Bourdages, Nancy B\u00e9dard, Carolyne Ph\u00e9nix, Rosiane Provost, Patricia Cordeiro, Sandrine Gu\u00e9rin, Laurent Delorme, S\u00e9bastien Poupart, Jos\u00e9e Lefebvre, Martin Auger, Fr\u00e9d\u00e9ric Derome et Jo\u00ebl Caisse. Absents : Jessica Gouchie-Fenoll, Edith Mancia, Alexis Merino, Chantal Richardson, Marie-\u00c8ve St-Louis et Julie Tremblay.<\/p><\/div>\n<p>En janvier dernier, la deuxi\u00e8me cohorte interne de pr\u00e9pos\u00e9s aux b\u00e9n\u00e9ficiaires a compl\u00e9t\u00e9 avec succ\u00e8s la formation qui a \u00e9t\u00e9 d\u00e9velopp\u00e9e en partenariat avec la Commission scolaire des Hautes-Rivi\u00e8res (CSDHR). Depuis ce temps, ils \u0153uvrent dans diff\u00e9rentes installations et occupent un r\u00f4le cl\u00e9 au sein des \u00e9quipes de soins.<\/p>\n<p><!--more--><\/p>\n<p>Issus de divers secteurs d\u2019activit\u00e9s, ces 19 employ\u00e9s du CISSS ont accept\u00e9 de relever un d\u00e9fi de taille, soit de retourner sur les bancs d\u2019\u00e9cole. Pendant quelques mois, ils ont \u00e9tudi\u00e9 \u00e0 temps complet pour devenir pr\u00e9pos\u00e9s aux b\u00e9n\u00e9ficiaires tout en poursuivant leur travail.<\/p>\n<p><strong>Une c\u00e9r\u00e9monie sp\u00e9ciale<br \/>\n<\/strong>Dans le cadre d\u2019un \u00e9v\u00e9nement tenu le 5 juin au CHSLD Gertrude-Lafrance, l\u2019organisation a soulign\u00e9 la d\u00e9termination, le d\u00e9vouement et le courage dont ont fait preuve ces employ\u00e9s.\u00a0Les 13 finissants pr\u00e9sents arboraient un sourire de fiert\u00e9 lorsqu\u2019ils ont re\u00e7u un certificat de r\u00e9ussite de Maryse Poupart, directrice des ressources humaines, des communications et des affaires juridiques ainsi que de repr\u00e9sentants de la CSDHR. Une belle occasion de reconna\u00eetre les efforts de ce groupe h\u00e9t\u00e9rog\u00e8ne uni par une passion commune. Des gestionnaires du CISSS et des repr\u00e9sentants de notre partenaire syndical CSN ont \u00e9galement pris part \u00e0 cette c\u00e9r\u00e9monie.<\/p>\n<p>F\u00e9licitations \u00e0 ces pr\u00e9pos\u00e9s aux b\u00e9n\u00e9ficiaires!<\/p>\n<table width=\"657\">\n<tbody>\n<tr>\n<td width=\"328\">M. Martin Auger<\/td>\n<td width=\"328\">Mme Jos\u00e9e Lefebvre<\/td>\n<\/tr>\n<tr>\n<td width=\"328\">Mme Nancy B\u00e9dard<\/td>\n<td width=\"328\">Mme Edith Mancia<\/td>\n<\/tr>\n<tr>\n<td width=\"328\">Mme Ginette Bourdages<\/td>\n<td width=\"328\">M. Alexis Merino<\/td>\n<\/tr>\n<tr>\n<td width=\"328\">M. Jo\u00ebl Caisse<\/td>\n<td width=\"328\">Mme Carolyne Ph\u00e9nix<\/td>\n<\/tr>\n<tr>\n<td width=\"328\">Mme Patricia Cordeiro<\/td>\n<td width=\"328\">M. S\u00e9bastien Poupart<\/td>\n<\/tr>\n<tr>\n<td width=\"328\">M. Laurent Delorme<\/td>\n<td width=\"328\">Mme Rosiane Provost<\/td>\n<\/tr>\n<tr>\n<td width=\"328\">M. Fr\u00e9d\u00e9ric Derome<\/td>\n<td width=\"328\">Mme Chantal Richardson<\/td>\n<\/tr>\n<tr>\n<td width=\"328\">Mme Jessica Gouchie-Fenoll<\/td>\n<td width=\"328\">Mme Marie-\u00c8ve St-Louis<\/td>\n<\/tr>\n<tr>\n<td width=\"328\">Mme Sandrine Gu\u00e9rin<\/td>\n<td width=\"328\">Mme Julie Tremblay<\/td>\n<\/tr>\n<\/tbody>\n<\/table>\n","protected":false},"excerpt":{"rendered":"<p>En janvier dernier, la deuxi\u00e8me cohorte interne de pr\u00e9pos\u00e9s aux b\u00e9n\u00e9ficiaires a compl\u00e9t\u00e9 avec succ\u00e8s la formation qui a \u00e9t\u00e9 d\u00e9velopp\u00e9e en partenariat avec la Commission scolaire des Hautes-Rivi\u00e8res (CSDHR). Depuis ce temps, ils \u0153uvrent dans diff\u00e9rentes installations et occupent &hellip; <a href=\"https:\/\/santemc.quebec\/icentre\/une-deuxieme-cohorte-interne-de-pab-se-greffe-aux-equipes-de-soins\/\">Continuer la lecture <span class=\"meta-nav\">&rarr;<\/span><\/a><\/p>\n","protected":false},"author":9,"featured_media":0,"comment_status":"open","ping_status":"closed","sticky":false,"template":"","format":"standard","meta":{"footnotes":""},"categories":[1],"tags":[],"_links":{"self":[{"href":"https:\/\/santemc.quebec\/icentre\/wp-json\/wp\/v2\/posts\/7091"}],"collection":[{"href":"https:\/\/santemc.quebec\/icentre\/wp-json\/wp\/v2\/posts"}],"about":[{"href":"https:\/\/santemc.quebec\/icentre\/wp-json\/wp\/v2\/types\/post"}],"author":[{"embeddable":true,"href":"https:\/\/santemc.quebec\/icentre\/wp-json\/wp\/v2\/users\/9"}],"replies":[{"embeddable":true,"href":"https:\/\/santemc.quebec\/icentre\/wp-json\/wp\/v2\/comments?post=7091"}],"version-history":[{"count":3,"href":"https:\/\/santemc.quebec\/icentre\/wp-json\/wp\/v2\/posts\/7091\/revisions"}],"predecessor-version":[{"id":7096,"href":"https:\/\/santemc.quebec\/icentre\/wp-json\/wp\/v2\/posts\/7091\/revisions\/7096"}],"wp:attachment":[{"href":"https:\/\/santemc.quebec\/icentre\/wp-json\/wp\/v2\/media?parent=7091"}],"wp:term":[{"taxonomy":"category","embeddable":true,"href":"https:\/\/santemc.quebec\/icentre\/wp-json\/wp\/v2\/categories?post=7091"},{"taxonomy":"post_tag","embeddable":true,"href":"https:\/\/santemc.quebec\/icentre\/wp-json\/wp\/v2\/tags?post=7091"}],"curies":[{"name":"wp","href":"https:\/\/api.w.org\/{rel}","templated":true}]}}