{"id":7131,"date":"2018-06-14T13:20:43","date_gmt":"2018-06-14T17:20:43","guid":{"rendered":"http:\/\/santemc.quebec\/icentre\/?p=7131"},"modified":"2018-06-14T13:21:33","modified_gmt":"2018-06-14T17:21:33","slug":"des-prix-de-reconnaissance-pour-plusieurs-employes-du-cisss-lors-des-assemblees-generales-annuelles-des-comites-des-usagers","status":"publish","type":"post","link":"https:\/\/santemc.quebec\/icentre\/des-prix-de-reconnaissance-pour-plusieurs-employes-du-cisss-lors-des-assemblees-generales-annuelles-des-comites-des-usagers\/","title":{"rendered":"Des prix de reconnaissance pour plusieurs employ\u00e9s du CISSS lors des assembl\u00e9es g\u00e9n\u00e9rales annuelles des comit\u00e9s des usagers"},"content":{"rendered":"<p>Dans le cadre de leur assembl\u00e9e g\u00e9n\u00e9rale annuelle, tenues respectivement le 30 mai et le 7 juin derniers, les comit\u00e9s des usagers du Haut-Richelieu\u2013Rouville et de Champlain\u2013Charles-Le Moyne ont offert des prix de reconnaissance aux employ\u00e9s du CISSS afin de souligner leur contribution pour les usagers de nos installations.<\/p>\n<p><!--more--><\/p>\n<p>D\u2019abord, du c\u00f4t\u00e9 du RLS du Haut-Richelieu\u2013Rouville, c\u2019est avec beaucoup d\u2019\u00e9motion que deux employ\u00e9s et une cadre interm\u00e9diaire du CISSS ont re\u00e7u leur prix. Pr\u00e9sent\u00e9es par des usagers du CISSS, les personnes mises en candidature ont, au cours de la derni\u00e8re ann\u00e9e, fait une diff\u00e9rence dans leur environnement de travail pour la client\u00e8le qu\u2019elles servent. Un jury externe a ensuite s\u00e9lectionn\u00e9 les trois r\u00e9cipiendaires parmi 15 candidatures re\u00e7ues.<\/p>\n<p>F\u00e9licitations aux gagnants\u00a0:<\/p>\n<ul>\n<li><u>Prix reconnaissance \u2013 personnel soignant<br \/>\n<\/u>Julie Francoeur, infirmi\u00e8re auxiliaire au CHSLD Champagnat (au moment de sa mise en candidature)<\/li>\n<\/ul>\n<ul>\n<li><u>Prix reconnaissance \u2013 personnel de soutien<br \/>\n<\/u>Daniel Lemieux, cuisinier au CHSLD Saint-Joseph<br \/>\n<a href=\"http:\/\/santemc.quebec\/santemc\/icentre\/wp-content\/uploads\/2018\/06\/Daniel-Lemieux.jpg\"><img decoding=\"async\" loading=\"lazy\" class=\"size-medium wp-image-7132 aligncenter\" src=\"http:\/\/santemc.quebec\/santemc\/icentre\/wp-content\/uploads\/2018\/06\/Daniel-Lemieux-225x300.jpg\" alt=\"\" width=\"225\" height=\"300\" srcset=\"https:\/\/santemc.quebec\/santemc\/icentre\/wp-content\/uploads\/2018\/06\/Daniel-Lemieux-225x300.jpg 225w, https:\/\/santemc.quebec\/santemc\/icentre\/wp-content\/uploads\/2018\/06\/Daniel-Lemieux.jpg 367w\" sizes=\"(max-width: 225px) 100vw, 225px\" \/><\/a><\/li>\n<li><u>Prix reconnaissance \u2013 cadre interm\u00e9diaire<br \/>\n<\/u>Isabelle Caron, chef d\u2019unit\u00e9 au CHSLD Champagnat (au moment de sa mise en candidature)<br \/>\n<a href=\"http:\/\/santemc.quebec\/santemc\/icentre\/wp-content\/uploads\/2018\/06\/Isabelle-Caron.jpg\"><img decoding=\"async\" loading=\"lazy\" class=\"size-medium wp-image-7133 aligncenter\" src=\"http:\/\/santemc.quebec\/santemc\/icentre\/wp-content\/uploads\/2018\/06\/Isabelle-Caron-225x300.jpg\" alt=\"\" width=\"225\" height=\"300\" srcset=\"https:\/\/santemc.quebec\/santemc\/icentre\/wp-content\/uploads\/2018\/06\/Isabelle-Caron-225x300.jpg 225w, https:\/\/santemc.quebec\/santemc\/icentre\/wp-content\/uploads\/2018\/06\/Isabelle-Caron.jpg 401w\" sizes=\"(max-width: 225px) 100vw, 225px\" \/><\/a><\/li>\n<\/ul>\n<p>Le comit\u00e9 des usagers Champlain\u2013Charles-Le Moyne a \u00e9galement profit\u00e9 de son assembl\u00e9e g\u00e9n\u00e9rale annuelle pour reconna\u00eetre le travail de certains employ\u00e9s et m\u00e9decins des installations du RLS. C\u2019est donc 3 prix hommage qui ont \u00e9t\u00e9 remis \u00e0 des membres du personnel et des m\u00e9decins de l\u2019organisation pour des actions pos\u00e9es au cours de la derni\u00e8re ann\u00e9e\u00a0:<\/p>\n<ul>\n<li>Prix Hommage remis \u00e0 D<sup>re<\/sup> Catherine Martineau et son \u00e9quipe pour leur d\u00e9vouement envers les usagers du CISSS de la Mont\u00e9r\u00e9gie-Centre.<br \/>\n<a href=\"http:\/\/santemc.quebec\/santemc\/icentre\/wp-content\/uploads\/2018\/06\/Dr-Martineau.jpg\"><img decoding=\"async\" loading=\"lazy\" class=\"size-medium wp-image-7134 aligncenter\" src=\"http:\/\/santemc.quebec\/santemc\/icentre\/wp-content\/uploads\/2018\/06\/Dr-Martineau-300x200.jpg\" alt=\"\" width=\"300\" height=\"200\" srcset=\"https:\/\/santemc.quebec\/santemc\/icentre\/wp-content\/uploads\/2018\/06\/Dr-Martineau-300x200.jpg 300w, https:\/\/santemc.quebec\/santemc\/icentre\/wp-content\/uploads\/2018\/06\/Dr-Martineau-768x512.jpg 768w, https:\/\/santemc.quebec\/santemc\/icentre\/wp-content\/uploads\/2018\/06\/Dr-Martineau-1024x682.jpg 1024w, https:\/\/santemc.quebec\/santemc\/icentre\/wp-content\/uploads\/2018\/06\/Dr-Martineau-450x300.jpg 450w, https:\/\/santemc.quebec\/santemc\/icentre\/wp-content\/uploads\/2018\/06\/Dr-Martineau.jpg 1280w\" sizes=\"(max-width: 300px) 100vw, 300px\" \/><\/a><\/li>\n<li>Prix Hommage remis \u00e0 Marie-H\u00e9l\u00e8ne Anctil et la chorale du soutien \u00e0 domicile du CLSC Samuel-de-Champlain qui, ont permis aux personnes \u00e2g\u00e9es de plusieurs CHSLD de passer un temps des F\u00eates m\u00e9morable.<br \/>\n<a href=\"http:\/\/santemc.quebec\/santemc\/icentre\/wp-content\/uploads\/2018\/06\/Chorale-CLSC.jpg\"><img decoding=\"async\" loading=\"lazy\" class=\"size-medium wp-image-7135 aligncenter\" src=\"http:\/\/santemc.quebec\/santemc\/icentre\/wp-content\/uploads\/2018\/06\/Chorale-CLSC-300x200.jpg\" alt=\"\" width=\"300\" height=\"200\" srcset=\"https:\/\/santemc.quebec\/santemc\/icentre\/wp-content\/uploads\/2018\/06\/Chorale-CLSC-300x200.jpg 300w, https:\/\/santemc.quebec\/santemc\/icentre\/wp-content\/uploads\/2018\/06\/Chorale-CLSC-768x512.jpg 768w, https:\/\/santemc.quebec\/santemc\/icentre\/wp-content\/uploads\/2018\/06\/Chorale-CLSC-1024x683.jpg 1024w, https:\/\/santemc.quebec\/santemc\/icentre\/wp-content\/uploads\/2018\/06\/Chorale-CLSC-450x300.jpg 450w, https:\/\/santemc.quebec\/santemc\/icentre\/wp-content\/uploads\/2018\/06\/Chorale-CLSC.jpg 1200w\" sizes=\"(max-width: 300px) 100vw, 300px\" \/><\/a><\/li>\n<li>Prix Hommage remis \u00e0 D<sup>re<\/sup> Carol Valois et \u00e0 D<sup>r<\/sup> Robert William qui, par leur engagement et leur \u00e9nergie, ont contribu\u00e9 \u00e0 l&rsquo;am\u00e9lioration des services en m\u00e9decine familiale et \u00e0 une meilleure formation de leurs pairs.<br \/>\n<a href=\"http:\/\/santemc.quebec\/santemc\/icentre\/wp-content\/uploads\/2018\/06\/DrsWilliams_Valois.jpg\"><img decoding=\"async\" loading=\"lazy\" class=\"size-medium wp-image-7136 aligncenter\" src=\"http:\/\/santemc.quebec\/santemc\/icentre\/wp-content\/uploads\/2018\/06\/DrsWilliams_Valois-300x200.jpg\" alt=\"\" width=\"300\" height=\"200\" srcset=\"https:\/\/santemc.quebec\/santemc\/icentre\/wp-content\/uploads\/2018\/06\/DrsWilliams_Valois-300x200.jpg 300w, https:\/\/santemc.quebec\/santemc\/icentre\/wp-content\/uploads\/2018\/06\/DrsWilliams_Valois-768x512.jpg 768w, https:\/\/santemc.quebec\/santemc\/icentre\/wp-content\/uploads\/2018\/06\/DrsWilliams_Valois-1024x683.jpg 1024w, https:\/\/santemc.quebec\/santemc\/icentre\/wp-content\/uploads\/2018\/06\/DrsWilliams_Valois-450x300.jpg 450w, https:\/\/santemc.quebec\/santemc\/icentre\/wp-content\/uploads\/2018\/06\/DrsWilliams_Valois.jpg 1200w\" sizes=\"(max-width: 300px) 100vw, 300px\" \/><\/a><\/li>\n<\/ul>\n<p>Finalement, Robert L\u00e9tourneau, employ\u00e9 de l\u2019urgence de l\u2019H\u00f4pital Charles-Le Moyne s\u2019est vu d\u00e9cern\u00e9 le certificat d\u2019honneur 2018 du comit\u00e9 des usagers. Cette reconnaissance vise \u00e0 souligner le travail exceptionnel de M. L\u00e9tourneau pour les usagers ainsi que son engagement pour l\u2019organisation.<a href=\"http:\/\/santemc.quebec\/santemc\/icentre\/wp-content\/uploads\/2018\/06\/Robert-L\u00e9tourneau.jpg\"><img decoding=\"async\" loading=\"lazy\" class=\"size-medium wp-image-7137 aligncenter\" src=\"http:\/\/santemc.quebec\/santemc\/icentre\/wp-content\/uploads\/2018\/06\/Robert-L\u00e9tourneau-300x200.jpg\" alt=\"\" width=\"300\" height=\"200\" srcset=\"https:\/\/santemc.quebec\/santemc\/icentre\/wp-content\/uploads\/2018\/06\/Robert-L\u00e9tourneau-300x200.jpg 300w, https:\/\/santemc.quebec\/santemc\/icentre\/wp-content\/uploads\/2018\/06\/Robert-L\u00e9tourneau-768x512.jpg 768w, https:\/\/santemc.quebec\/santemc\/icentre\/wp-content\/uploads\/2018\/06\/Robert-L\u00e9tourneau-1024x683.jpg 1024w, https:\/\/santemc.quebec\/santemc\/icentre\/wp-content\/uploads\/2018\/06\/Robert-L\u00e9tourneau-450x300.jpg 450w, https:\/\/santemc.quebec\/santemc\/icentre\/wp-content\/uploads\/2018\/06\/Robert-L\u00e9tourneau.jpg 1200w\" sizes=\"(max-width: 300px) 100vw, 300px\" \/><\/a><\/p>\n<p>F\u00e9licitations aux r\u00e9cipiendaires!<\/p>\n<p>&nbsp;<\/p>\n","protected":false},"excerpt":{"rendered":"<p>Dans le cadre de leur assembl\u00e9e g\u00e9n\u00e9rale annuelle, tenues respectivement le 30 mai et le 7 juin derniers, les comit\u00e9s des usagers du Haut-Richelieu\u2013Rouville et de Champlain\u2013Charles-Le Moyne ont offert des prix de reconnaissance aux employ\u00e9s du CISSS afin de &hellip; <a href=\"https:\/\/santemc.quebec\/icentre\/des-prix-de-reconnaissance-pour-plusieurs-employes-du-cisss-lors-des-assemblees-generales-annuelles-des-comites-des-usagers\/\">Continuer la lecture <span class=\"meta-nav\">&rarr;<\/span><\/a><\/p>\n","protected":false},"author":9,"featured_media":0,"comment_status":"open","ping_status":"closed","sticky":false,"template":"","format":"standard","meta":{"footnotes":""},"categories":[1],"tags":[],"_links":{"self":[{"href":"https:\/\/santemc.quebec\/icentre\/wp-json\/wp\/v2\/posts\/7131"}],"collection":[{"href":"https:\/\/santemc.quebec\/icentre\/wp-json\/wp\/v2\/posts"}],"about":[{"href":"https:\/\/santemc.quebec\/icentre\/wp-json\/wp\/v2\/types\/post"}],"author":[{"embeddable":true,"href":"https:\/\/santemc.quebec\/icentre\/wp-json\/wp\/v2\/users\/9"}],"replies":[{"embeddable":true,"href":"https:\/\/santemc.quebec\/icentre\/wp-json\/wp\/v2\/comments?post=7131"}],"version-history":[{"count":2,"href":"https:\/\/santemc.quebec\/icentre\/wp-json\/wp\/v2\/posts\/7131\/revisions"}],"predecessor-version":[{"id":7139,"href":"https:\/\/santemc.quebec\/icentre\/wp-json\/wp\/v2\/posts\/7131\/revisions\/7139"}],"wp:attachment":[{"href":"https:\/\/santemc.quebec\/icentre\/wp-json\/wp\/v2\/media?parent=7131"}],"wp:term":[{"taxonomy":"category","embeddable":true,"href":"https:\/\/santemc.quebec\/icentre\/wp-json\/wp\/v2\/categories?post=7131"},{"taxonomy":"post_tag","embeddable":true,"href":"https:\/\/santemc.quebec\/icentre\/wp-json\/wp\/v2\/tags?post=7131"}],"curies":[{"name":"wp","href":"https:\/\/api.w.org\/{rel}","templated":true}]}}