{"id":734,"date":"2015-08-28T10:36:38","date_gmt":"2015-08-28T14:36:38","guid":{"rendered":"http:\/\/santemc.quebec\/icentre\/?p=734"},"modified":"2015-09-09T15:08:30","modified_gmt":"2015-09-09T19:08:30","slug":"les-dernieres-nominations-de-cadres-intermediaires-au-cisss-de-la-monteregie-centre","status":"publish","type":"post","link":"https:\/\/santemc.quebec\/icentre\/les-dernieres-nominations-de-cadres-intermediaires-au-cisss-de-la-monteregie-centre\/","title":{"rendered":"Les derni\u00e8res nominations de cadres interm\u00e9diaires au CISSS de la Mont\u00e9r\u00e9gie-Centre"},"content":{"rendered":"<p>Voici les plus r\u00e9centes nominations \u00a0:<!--more--><\/p>\n<p><strong>Direction de la logistique<\/strong><\/p>\n<table>\n<tbody>\n<tr>\n<td width=\"60%\">Chef de service &#8211; Approvisionnement<\/td>\n<td>Claude Forget<\/td>\n<\/tr>\n<\/tbody>\n<\/table>\n<p><strong>Direction des ressources humaines, des communication\u00a0et des affaires juridiques\u00a0<\/strong><\/p>\n<table style=\"height: 37px;\" width=\"581\">\n<tbody>\n<tr>\n<td width=\"60%\">Chef du service des affaires juridiques<\/td>\n<td>Catherine Bouchard<\/td>\n<\/tr>\n<\/tbody>\n<\/table>\n<p><strong>Direction des services techniques<\/strong><\/p>\n<table style=\"height: 37px;\" width=\"581\">\n<tbody>\n<tr style=\"background-color: #f0f2f4;\">\n<td width=\"60%\">Adjointe au directeur &#8211; H\u00f4tellerie<\/td>\n<td>Manon Lapalme<\/td>\n<\/tr>\n<tr>\n<td width=\"60%\">Chef des activit\u00e9s d&rsquo;alimentation<\/td>\n<td>Luce Gallant<\/td>\n<\/tr>\n<tr style=\"background-color: #f0f2f4;\">\n<td width=\"60%\">Chef de service buanderie lingerie (HCLM)<\/td>\n<td>Charles Lefran\u00e7ois<\/td>\n<\/tr>\n<tr>\n<td width=\"60%\">Chef de secteur de distribution alimentaire &#8211; laverie et caf\u00e9t\u00e9ria (HCLM)<\/td>\n<td>Annie Levasseur<\/td>\n<\/tr>\n<tr style=\"background-color: #f0f2f4;\">\n<td width=\"60%\">Chef de secteur hygi\u00e8ne et salubrit\u00e9<\/td>\n<td>Denis Demontigny<\/td>\n<\/tr>\n<tr>\n<td width=\"60%\">Chef de secteur hygi\u00e8ne et salubrit\u00e9<\/td>\n<td>Richard Fecteau<\/td>\n<\/tr>\n<tr style=\"background-color: #f0f2f4;\">\n<td width=\"60%\">Chef de service stationnement et s\u00e9curit\u00e9<\/td>\n<td>Benoit Desch\u00eanes<\/td>\n<\/tr>\n<tr>\n<td width=\"60%\">Coordonnateur aux op\u00e9rations<\/td>\n<td>Carl Doucet<\/td>\n<\/tr>\n<tr style=\"background-color: #f0f2f4;\">\n<td width=\"60%\">Chef de service d&rsquo;alimentation<\/td>\n<td>Daniel McCutcheon<\/td>\n<\/tr>\n<tr>\n<td width=\"60%\">Chef de service d&rsquo;alimentation<\/td>\n<td>Manon Paradis<\/td>\n<\/tr>\n<tr style=\"background-color: #f0f2f4;\">\n<td width=\"60%\">Chef de service d&rsquo;alimentation<\/td>\n<td>Denise Ranger<\/td>\n<\/tr>\n<tr>\n<td width=\"60%\">Chef de service d&rsquo;alimentation<\/td>\n<td>Jos\u00e9e Therrien<\/td>\n<\/tr>\n<tr style=\"background-color: #f0f2f4;\">\n<td width=\"60%\">Chef de service du fonctionnement et des installations mat\u00e9rielles<\/td>\n<td>David Arsenault<\/td>\n<\/tr>\n<tr>\n<td width=\"60%\">Chef de service du fonctionnement et des installations mat\u00e9rielles<\/td>\n<td>Pascal Leclair<\/td>\n<\/tr>\n<tr style=\"background-color: #f0f2f4;\">\n<td width=\"60%\">Chef de service du fonctionnement et des installations mat\u00e9rielles<\/td>\n<td>Yann Surprenant<\/td>\n<\/tr>\n<tr>\n<td width=\"60%\">Chef de service du fonctionnement et des installations mat\u00e9rielles<\/td>\n<td>Gilbert Vachon<\/td>\n<\/tr>\n<\/tbody>\n<\/table>\n<p>&nbsp;<\/p>\n","protected":false},"excerpt":{"rendered":"<p>Voici les plus r\u00e9centes nominations \u00a0:<\/p>\n","protected":false},"author":1,"featured_media":0,"comment_status":"open","ping_status":"closed","sticky":false,"template":"","format":"standard","meta":{"footnotes":""},"categories":[1],"tags":[8],"_links":{"self":[{"href":"https:\/\/santemc.quebec\/icentre\/wp-json\/wp\/v2\/posts\/734"}],"collection":[{"href":"https:\/\/santemc.quebec\/icentre\/wp-json\/wp\/v2\/posts"}],"about":[{"href":"https:\/\/santemc.quebec\/icentre\/wp-json\/wp\/v2\/types\/post"}],"author":[{"embeddable":true,"href":"https:\/\/santemc.quebec\/icentre\/wp-json\/wp\/v2\/users\/1"}],"replies":[{"embeddable":true,"href":"https:\/\/santemc.quebec\/icentre\/wp-json\/wp\/v2\/comments?post=734"}],"version-history":[{"count":8,"href":"https:\/\/santemc.quebec\/icentre\/wp-json\/wp\/v2\/posts\/734\/revisions"}],"predecessor-version":[{"id":743,"href":"https:\/\/santemc.quebec\/icentre\/wp-json\/wp\/v2\/posts\/734\/revisions\/743"}],"wp:attachment":[{"href":"https:\/\/santemc.quebec\/icentre\/wp-json\/wp\/v2\/media?parent=734"}],"wp:term":[{"taxonomy":"category","embeddable":true,"href":"https:\/\/santemc.quebec\/icentre\/wp-json\/wp\/v2\/categories?post=734"},{"taxonomy":"post_tag","embeddable":true,"href":"https:\/\/santemc.quebec\/icentre\/wp-json\/wp\/v2\/tags?post=734"}],"curies":[{"name":"wp","href":"https:\/\/api.w.org\/{rel}","templated":true}]}}