{"id":74,"date":"2015-04-16T14:57:03","date_gmt":"2015-04-16T13:57:03","guid":{"rendered":"http:\/\/santemc.quebec\/journal\/?p=74"},"modified":"2015-05-26T11:44:15","modified_gmt":"2015-05-26T15:44:15","slug":"cumuls-de-fonctions","status":"publish","type":"post","link":"https:\/\/santemc.quebec\/icentre\/cumuls-de-fonctions\/","title":{"rendered":"Cumuls de fonctions"},"content":{"rendered":"<p>La pr\u00e9sente a pour objet de vous informer que monsieur Normand Lauzon, actuellement directeur des programmes Enfance-Famille-Jeunesse, Sant\u00e9 mentale et DI-DP-TED, par int\u00e9rim du territoire Haut-Richelieu \u2013 Rouville cumule \u00e9galement, depuis le 13 avril dernier, les fonctions de directeur du programme Sant\u00e9 mentale adultes par int\u00e9rim du territoire Champlain Charles-Lemoyne. Ce cumul de fonctions fait suite au d\u00e9part \u00e0 la retraite prochain de madame Lyne Tremblay qui occupait ces fonctions int\u00e9rimaires pour le territoire Champlain Charles-Lemoyne.<!--more--><\/p>\n<p>Du m\u00eame souffle, je vous annonce \u00e9galement que monsieur Louis Lamontagne, directeur des services techniques et de l\u2019h\u00f4tellerie par int\u00e9rim du territoire Haut-Richelieu \u2013 Rouville cumule dor\u00e9navant les fonctions de directeur des ressources technologiques et informationnelles par int\u00e9rim de ce m\u00eame territoire en raison de l\u2019absence de monsieur Jean Dumberry. Ce cumul de fonctions est effectif depuis le 1er avril dernier.<\/p>\n<p>Je leur souhaite la meilleure des chances dans l\u2019exercice de leurs nouveaux mandats int\u00e9rimaires.<\/p>\n","protected":false},"excerpt":{"rendered":"<p>La pr\u00e9sente a pour objet de vous informer que monsieur Normand Lauzon, actuellement directeur des programmes Enfance-Famille-Jeunesse, Sant\u00e9 mentale et DI-DP-TED, par int\u00e9rim du territoire Haut-Richelieu \u2013 Rouville cumule \u00e9galement, depuis le 13 avril dernier, les fonctions de directeur du &hellip; <a href=\"https:\/\/santemc.quebec\/icentre\/cumuls-de-fonctions\/\">Continuer la lecture <span class=\"meta-nav\">&rarr;<\/span><\/a><\/p>\n","protected":false},"author":1,"featured_media":0,"comment_status":"open","ping_status":"closed","sticky":false,"template":"","format":"standard","meta":{"footnotes":""},"categories":[2],"tags":[8],"_links":{"self":[{"href":"https:\/\/santemc.quebec\/icentre\/wp-json\/wp\/v2\/posts\/74"}],"collection":[{"href":"https:\/\/santemc.quebec\/icentre\/wp-json\/wp\/v2\/posts"}],"about":[{"href":"https:\/\/santemc.quebec\/icentre\/wp-json\/wp\/v2\/types\/post"}],"author":[{"embeddable":true,"href":"https:\/\/santemc.quebec\/icentre\/wp-json\/wp\/v2\/users\/1"}],"replies":[{"embeddable":true,"href":"https:\/\/santemc.quebec\/icentre\/wp-json\/wp\/v2\/comments?post=74"}],"version-history":[{"count":2,"href":"https:\/\/santemc.quebec\/icentre\/wp-json\/wp\/v2\/posts\/74\/revisions"}],"predecessor-version":[{"id":284,"href":"https:\/\/santemc.quebec\/icentre\/wp-json\/wp\/v2\/posts\/74\/revisions\/284"}],"wp:attachment":[{"href":"https:\/\/santemc.quebec\/icentre\/wp-json\/wp\/v2\/media?parent=74"}],"wp:term":[{"taxonomy":"category","embeddable":true,"href":"https:\/\/santemc.quebec\/icentre\/wp-json\/wp\/v2\/categories?post=74"},{"taxonomy":"post_tag","embeddable":true,"href":"https:\/\/santemc.quebec\/icentre\/wp-json\/wp\/v2\/tags?post=74"}],"curies":[{"name":"wp","href":"https:\/\/api.w.org\/{rel}","templated":true}]}}