{"id":755,"date":"2015-09-04T15:04:17","date_gmt":"2015-09-04T19:04:17","guid":{"rendered":"http:\/\/santemc.quebec\/icentre\/?p=755"},"modified":"2016-04-19T16:03:04","modified_gmt":"2016-04-19T20:03:04","slug":"definition-de-termes-relatifs-au-reseau-de-la-sante-et-des-services-sociaux","status":"publish","type":"post","link":"https:\/\/santemc.quebec\/icentre\/definition-de-termes-relatifs-au-reseau-de-la-sante-et-des-services-sociaux\/","title":{"rendered":"D\u00e9finition de termes relatifs au r\u00e9seau de la sant\u00e9 et des services sociaux"},"content":{"rendered":"<p>Le minist\u00e8re de la Sant\u00e9 et des Services sociaux a\u00a0publi\u00e9 plus t\u00f4t cet \u00e9t\u00e9 un glossaire qui pr\u00e9sente une d\u00e9finition des termes les plus usuels pour d\u00e9crire la structure du r\u00e9seau de la sant\u00e9 et des services sociaux.<!--more--> Il r\u00e9f\u00e8re principalement aux termes utilis\u00e9s dans la Loi sur les services de sant\u00e9 et les services sociaux et int\u00e8gre les modifications apport\u00e9es par la Loi modifiant l&rsquo;organisation et la gouvernance du r\u00e9seau de la sant\u00e9 et des services sociaux notamment par l&rsquo;abolition des agences r\u00e9gionales.<\/p>\n<p>Vous pouvez le consulter en cliquant sur ce lien :<br \/>\n<a href=\"http:\/\/publications.msss.gouv.qc.ca\/msss\/document-001189\/\" target=\"_blank\">D\u00e9finition de termes relatifs\u00a0au r\u00e9seau de la sant\u00e9 et des services sociaux<\/a><\/p>\n","protected":false},"excerpt":{"rendered":"<p>Le minist\u00e8re de la Sant\u00e9 et des Services sociaux a\u00a0publi\u00e9 plus t\u00f4t cet \u00e9t\u00e9 un glossaire qui pr\u00e9sente une d\u00e9finition des termes les plus usuels pour d\u00e9crire la structure du r\u00e9seau de la sant\u00e9 et des services sociaux.<\/p>\n","protected":false},"author":1,"featured_media":0,"comment_status":"open","ping_status":"closed","sticky":false,"template":"","format":"standard","meta":{"footnotes":""},"categories":[1],"tags":[],"_links":{"self":[{"href":"https:\/\/santemc.quebec\/icentre\/wp-json\/wp\/v2\/posts\/755"}],"collection":[{"href":"https:\/\/santemc.quebec\/icentre\/wp-json\/wp\/v2\/posts"}],"about":[{"href":"https:\/\/santemc.quebec\/icentre\/wp-json\/wp\/v2\/types\/post"}],"author":[{"embeddable":true,"href":"https:\/\/santemc.quebec\/icentre\/wp-json\/wp\/v2\/users\/1"}],"replies":[{"embeddable":true,"href":"https:\/\/santemc.quebec\/icentre\/wp-json\/wp\/v2\/comments?post=755"}],"version-history":[{"count":3,"href":"https:\/\/santemc.quebec\/icentre\/wp-json\/wp\/v2\/posts\/755\/revisions"}],"predecessor-version":[{"id":2106,"href":"https:\/\/santemc.quebec\/icentre\/wp-json\/wp\/v2\/posts\/755\/revisions\/2106"}],"wp:attachment":[{"href":"https:\/\/santemc.quebec\/icentre\/wp-json\/wp\/v2\/media?parent=755"}],"wp:term":[{"taxonomy":"category","embeddable":true,"href":"https:\/\/santemc.quebec\/icentre\/wp-json\/wp\/v2\/categories?post=755"},{"taxonomy":"post_tag","embeddable":true,"href":"https:\/\/santemc.quebec\/icentre\/wp-json\/wp\/v2\/tags?post=755"}],"curies":[{"name":"wp","href":"https:\/\/api.w.org\/{rel}","templated":true}]}}