{"id":758,"date":"2015-09-04T15:15:40","date_gmt":"2015-09-04T19:15:40","guid":{"rendered":"http:\/\/santemc.quebec\/icentre\/?p=758"},"modified":"2015-09-04T15:35:56","modified_gmt":"2015-09-04T19:35:56","slug":"de-garde-247-une-captivante-serie-documentaire-mettant-en-scene-des-medecins-de-lhopital-charles-le-moyne-presentee-des-lundi","status":"publish","type":"post","link":"https:\/\/santemc.quebec\/icentre\/de-garde-247-une-captivante-serie-documentaire-mettant-en-scene-des-medecins-de-lhopital-charles-le-moyne-presentee-des-lundi\/","title":{"rendered":"De garde 24\/7 : une captivante s\u00e9rie documentaire mettant en sc\u00e8ne des m\u00e9decins de l\u2019H\u00f4pital Charles-Le Moyne pr\u00e9sent\u00e9e d\u00e8s lundi"},"content":{"rendered":"<p><a href=\"http:\/\/santemc.quebec\/santemc\/icentre\/wp-content\/uploads\/2015\/09\/De-garde.jpg\"><img decoding=\"async\" loading=\"lazy\" class=\"alignleft size-medium wp-image-761\" src=\"http:\/\/santemc.quebec\/santemc\/icentre\/wp-content\/uploads\/2015\/09\/De-garde-300x164.jpg\" alt=\"De garde\" width=\"300\" height=\"164\" srcset=\"https:\/\/santemc.quebec\/santemc\/icentre\/wp-content\/uploads\/2015\/09\/De-garde-300x164.jpg 300w, https:\/\/santemc.quebec\/santemc\/icentre\/wp-content\/uploads\/2015\/09\/De-garde.jpg 301w\" sizes=\"(max-width: 300px) 100vw, 300px\" \/><\/a>De quoi le quotidien des m\u00e9decins de l\u2019H\u00f4pital Charles-Le Moyne et de leurs \u00e9quipes est-il fait? Comment se vivent les enjeux de la m\u00e9decine de l\u2019int\u00e9rieur, par ceux qui la pratiquent? Fruit d\u2019un an de pr\u00e9paration entre nos murs, De garde 24\/7 est la s\u00e9rie documentaire de l\u2019heure qui permettra d\u2019\u00eatre t\u00e9moin privil\u00e9gi\u00e9 des d\u00e9fis que plusieurs de nos m\u00e9decins rel\u00e8vent chaque jour. Pr\u00e9sent\u00e9e en 12 \u00e9pisodes \u00e0 T\u00e9l\u00e9-Qu\u00e9bec, d\u00e8s lundi 19 h 30, elle promet de vous garder captif tout au long de ses 30 minutes. <!--more--><\/p>\n<p>\u00c0 l\u2019origine du projet, la volont\u00e9 de la production \u00e9tait d\u2019offrir une rencontre avec l\u2019humain derri\u00e8re le m\u00e9decin. Apr\u00e8s avoir \u00e9t\u00e9 approch\u00e9 par l\u2019\u00e9quipe de r\u00e9alisation, l\u2019h\u00f4pital s\u2019est montr\u00e9 \u00e0 la fois curieux et prudent. \u00ab Ouvrir les coulisses de notre \u00e9tablissement aux cam\u00e9ras \u00e9tait une d\u00e9cision audacieuse, mais r\u00e9fl\u00e9chie, comme l\u2019exprime Richard Deschamps, PDG du CISSS de la Mont\u00e9r\u00e9gie-Centre. La r\u00e9alit\u00e9 d\u2019un centre hospitalier n\u2019est pas toujours t\u00e9l\u00e9g\u00e9nique. L\u2019\u00e9quipe partageait cette pr\u00e9occupation et a su s\u2019effacer quand il le fallait. Le r\u00e9sultat trace un portrait juste et reconnaissant du travail qu\u2019exercent nos professionnels. \u00bb<\/p>\n<p>Au fil des \u00e9pisodes, De garde 24\/7 accompagnera nos m\u00e9decins par l\u2019entremise de leurs interactions avec leurs patients. Les suivre \u00e0 l\u2019h\u00f4pital, o\u00f9 incertitudes et d\u00e9ceptions c\u00f4toient joies et miracles, permettra de constater que leur travail prend souvent la forme d\u2019une vraie course pour sauver des vies, que ce soit dans le tourbillon de l\u2019urgence, aux soins intensifs, en obst\u00e9trique, en salle d\u2019op\u00e9ration ou ailleurs. \u00ab Nous voulions voir les m\u00e9decins dans l\u2019adversit\u00e9, devant des situations un peu complexes, explique Fran\u00e7ois M\u00e9th\u00e9, r\u00e9alisateur et cosc\u00e9nariste de la s\u00e9rie. En pr\u00e8s de 400 heures de tournage, on a vu de tout. Les m\u00e9decins ont \u00e9t\u00e9 extr\u00eamement g\u00e9n\u00e9reux de nous donner acc\u00e8s \u00e0 leur quotidien, et nous avons \u00e9t\u00e9 privil\u00e9gi\u00e9s de pouvoir les c\u00f4toyer d\u2019aussi pr\u00e8s. \u00bb S<\/p>\n<p>Soyez pr\u00e9sent au rendez-vous, d\u00e8s lundi 19 h 30!<\/p>\n<p>En rediffusion : Mercredi 11 h 30, vendredi 11 h, samedi vers 1 h, dimanche 18\u00a0h\u00a030<\/p>\n<p>Visionnez la bande-annonce de la s\u00e9rie De garde 24\/7.<\/p>\n<p><iframe loading=\"lazy\" width=\"584\" height=\"329\" src=\"https:\/\/www.youtube.com\/embed\/iyVlgTlExJs?feature=oembed\" frameborder=\"0\" allowfullscreen><\/iframe><\/p>\n","protected":false},"excerpt":{"rendered":"<p>De quoi le quotidien des m\u00e9decins de l\u2019H\u00f4pital Charles-Le Moyne et de leurs \u00e9quipes est-il fait? Comment se vivent les enjeux de la m\u00e9decine de l\u2019int\u00e9rieur, par ceux qui la pratiquent? Fruit d\u2019un an de pr\u00e9paration entre nos murs, De &hellip; <a href=\"https:\/\/santemc.quebec\/icentre\/de-garde-247-une-captivante-serie-documentaire-mettant-en-scene-des-medecins-de-lhopital-charles-le-moyne-presentee-des-lundi\/\">Continuer la lecture <span class=\"meta-nav\">&rarr;<\/span><\/a><\/p>\n","protected":false},"author":2,"featured_media":761,"comment_status":"open","ping_status":"closed","sticky":false,"template":"","format":"standard","meta":{"footnotes":""},"categories":[1],"tags":[],"_links":{"self":[{"href":"https:\/\/santemc.quebec\/icentre\/wp-json\/wp\/v2\/posts\/758"}],"collection":[{"href":"https:\/\/santemc.quebec\/icentre\/wp-json\/wp\/v2\/posts"}],"about":[{"href":"https:\/\/santemc.quebec\/icentre\/wp-json\/wp\/v2\/types\/post"}],"author":[{"embeddable":true,"href":"https:\/\/santemc.quebec\/icentre\/wp-json\/wp\/v2\/users\/2"}],"replies":[{"embeddable":true,"href":"https:\/\/santemc.quebec\/icentre\/wp-json\/wp\/v2\/comments?post=758"}],"version-history":[{"count":4,"href":"https:\/\/santemc.quebec\/icentre\/wp-json\/wp\/v2\/posts\/758\/revisions"}],"predecessor-version":[{"id":768,"href":"https:\/\/santemc.quebec\/icentre\/wp-json\/wp\/v2\/posts\/758\/revisions\/768"}],"wp:featuredmedia":[{"embeddable":true,"href":"https:\/\/santemc.quebec\/icentre\/wp-json\/wp\/v2\/media\/761"}],"wp:attachment":[{"href":"https:\/\/santemc.quebec\/icentre\/wp-json\/wp\/v2\/media?parent=758"}],"wp:term":[{"taxonomy":"category","embeddable":true,"href":"https:\/\/santemc.quebec\/icentre\/wp-json\/wp\/v2\/categories?post=758"},{"taxonomy":"post_tag","embeddable":true,"href":"https:\/\/santemc.quebec\/icentre\/wp-json\/wp\/v2\/tags?post=758"}],"curies":[{"name":"wp","href":"https:\/\/api.w.org\/{rel}","templated":true}]}}