{"id":763,"date":"2015-09-04T10:25:13","date_gmt":"2015-09-04T14:25:13","guid":{"rendered":"http:\/\/santemc.quebec\/icentre\/?p=763"},"modified":"2015-10-29T09:56:44","modified_gmt":"2015-10-29T13:56:44","slug":"les-dernieres-nominations-de-cadres-intermediaires-au-cisss-de-la-monteregie-centre-3","status":"publish","type":"post","link":"https:\/\/santemc.quebec\/icentre\/les-dernieres-nominations-de-cadres-intermediaires-au-cisss-de-la-monteregie-centre-3\/","title":{"rendered":"Les derni\u00e8res nominations de cadres interm\u00e9diaires au CISSS de la Mont\u00e9r\u00e9gie-Centre"},"content":{"rendered":"<p>Voici les plus r\u00e9centes nominations :\u00a0<!--more--><\/p>\n<p><strong>Direction\u00a0des services techniques<\/strong><\/p>\n<table>\n<tbody>\n<tr>\n<td width=\"60%\">Coordonnateur des services de g\u00e9nie biom\u00e9dical Mont\u00e9r\u00e9gie (GBM Mont\u00e9r\u00e9gie et GBM local)<\/td>\n<td>Philippe Laporte<\/td>\n<\/tr>\n<\/tbody>\n<\/table>\n<p><strong>Direction de la logistique <\/strong><\/p>\n<table width=\"581\">\n<tbody>\n<tr>\n<td width=\"60%\">Coordonnateur logistique<\/td>\n<td>Alain Laroche<\/td>\n<\/tr>\n<\/tbody>\n<\/table>\n<p><strong>Direction\u00a0Qualit\u00e9, \u00e9valuation, \u00a0performance, \u00e9thique et Lean<\/strong><\/p>\n<table width=\"581\">\n<tbody>\n<tr>\n<td width=\"60%\">Conseill\u00e8re-cadre aux \u00e9tablissements SIRH<\/td>\n<td>Johanne Blain<\/td>\n<\/tr>\n<\/tbody>\n<\/table>\n","protected":false},"excerpt":{"rendered":"<p>Voici les plus r\u00e9centes nominations :\u00a0<\/p>\n","protected":false},"author":1,"featured_media":0,"comment_status":"open","ping_status":"closed","sticky":false,"template":"","format":"standard","meta":{"footnotes":""},"categories":[1],"tags":[8],"_links":{"self":[{"href":"https:\/\/santemc.quebec\/icentre\/wp-json\/wp\/v2\/posts\/763"}],"collection":[{"href":"https:\/\/santemc.quebec\/icentre\/wp-json\/wp\/v2\/posts"}],"about":[{"href":"https:\/\/santemc.quebec\/icentre\/wp-json\/wp\/v2\/types\/post"}],"author":[{"embeddable":true,"href":"https:\/\/santemc.quebec\/icentre\/wp-json\/wp\/v2\/users\/1"}],"replies":[{"embeddable":true,"href":"https:\/\/santemc.quebec\/icentre\/wp-json\/wp\/v2\/comments?post=763"}],"version-history":[{"count":4,"href":"https:\/\/santemc.quebec\/icentre\/wp-json\/wp\/v2\/posts\/763\/revisions"}],"predecessor-version":[{"id":957,"href":"https:\/\/santemc.quebec\/icentre\/wp-json\/wp\/v2\/posts\/763\/revisions\/957"}],"wp:attachment":[{"href":"https:\/\/santemc.quebec\/icentre\/wp-json\/wp\/v2\/media?parent=763"}],"wp:term":[{"taxonomy":"category","embeddable":true,"href":"https:\/\/santemc.quebec\/icentre\/wp-json\/wp\/v2\/categories?post=763"},{"taxonomy":"post_tag","embeddable":true,"href":"https:\/\/santemc.quebec\/icentre\/wp-json\/wp\/v2\/tags?post=763"}],"curies":[{"name":"wp","href":"https:\/\/api.w.org\/{rel}","templated":true}]}}