{"id":7647,"date":"2018-09-18T13:33:43","date_gmt":"2018-09-18T17:33:43","guid":{"rendered":"http:\/\/santemc.quebec\/icentre\/?p=7647"},"modified":"2018-09-18T16:34:38","modified_gmt":"2018-09-18T20:34:38","slug":"bulletin-periscope-pres-dun-monteregien-sur-six-est-fortement-derange-par-le-bruit-copy-copy-copy-copy-copy-copy-copy-copy-copy-copy-copy","status":"publish","type":"post","link":"https:\/\/santemc.quebec\/icentre\/bulletin-periscope-pres-dun-monteregien-sur-six-est-fortement-derange-par-le-bruit-copy-copy-copy-copy-copy-copy-copy-copy-copy-copy-copy\/","title":{"rendered":"Bulletin P\u00e9riscope &#8211; Depuis 2006, la population d&rsquo;expression anglaise s&rsquo;est accrue de 21 % en Mont\u00e9r\u00e9gie"},"content":{"rendered":"<p><img decoding=\"async\" loading=\"lazy\" class=\"aligncenter wp-image-2877 size-full\" src=\"http:\/\/santemc.quebec\/santemc\/icentre\/wp-content\/uploads\/2016\/09\/periscope.png\" alt=\"periscope\" width=\"789\" height=\"163\" srcset=\"https:\/\/santemc.quebec\/santemc\/icentre\/wp-content\/uploads\/2016\/09\/periscope.png 789w, https:\/\/santemc.quebec\/santemc\/icentre\/wp-content\/uploads\/2016\/09\/periscope-300x62.png 300w, https:\/\/santemc.quebec\/santemc\/icentre\/wp-content\/uploads\/2016\/09\/periscope-768x159.png 768w, https:\/\/santemc.quebec\/santemc\/icentre\/wp-content\/uploads\/2016\/09\/periscope-500x103.png 500w\" sizes=\"(max-width: 789px) 100vw, 789px\" \/><\/p>\n<p>En Mont\u00e9r\u00e9gie, la population d\u2019expression anglaise a augment\u00e9 de 21 % depuis 2006, un taux d\u2019accroissement deux fois sup\u00e9rieur \u00e0 celui de la population d\u2019expression anglaise du Qu\u00e9bec.\u00a0<!--more--><\/p>\n<p>Plus de la moiti\u00e9 des personnes d\u2019expression anglaise r\u00e9sident dans les territoires de CLSC Vaudreuil-Soulanges et Samuel-de-Champlain. La population d\u2019expression anglaise repr\u00e9sente 12 % de la population mont\u00e9r\u00e9gienne, mais son poids d\u00e9mographique varie entre 2 et 30 % selon le territoire de CLSC. La population d\u2019expression anglaise se distingue de celle d\u2019expression fran\u00e7aise, tant au niveau socio\u00e9conomique qu\u2019au niveau de la sant\u00e9.<\/p>\n<p>Pour en apprendre davantage sur cette th\u00e9matique, vous \u00eates invit\u00e9s \u00e0 consulter <a href=\"http:\/\/santemc.quebec\/santemc\/icentre\/wp-content\/uploads\/2018\/09\/PeriscopeAnglophones_sept2018.pdf\" target=\"_blank\" rel=\"noopener\">le num\u00e9ro de septembre<\/a>\u00a0du bulletin <em>P\u00e9riscope<\/em>.<\/p>\n","protected":false},"excerpt":{"rendered":"<p>En Mont\u00e9r\u00e9gie, la population d\u2019expression anglaise a augment\u00e9 de 21 % depuis 2006, un taux d\u2019accroissement deux fois sup\u00e9rieur \u00e0 celui de la population d\u2019expression anglaise du Qu\u00e9bec.\u00a0<\/p>\n","protected":false},"author":1,"featured_media":0,"comment_status":"open","ping_status":"closed","sticky":false,"template":"","format":"standard","meta":{"footnotes":""},"categories":[1],"tags":[44],"_links":{"self":[{"href":"https:\/\/santemc.quebec\/icentre\/wp-json\/wp\/v2\/posts\/7647"}],"collection":[{"href":"https:\/\/santemc.quebec\/icentre\/wp-json\/wp\/v2\/posts"}],"about":[{"href":"https:\/\/santemc.quebec\/icentre\/wp-json\/wp\/v2\/types\/post"}],"author":[{"embeddable":true,"href":"https:\/\/santemc.quebec\/icentre\/wp-json\/wp\/v2\/users\/1"}],"replies":[{"embeddable":true,"href":"https:\/\/santemc.quebec\/icentre\/wp-json\/wp\/v2\/comments?post=7647"}],"version-history":[{"count":3,"href":"https:\/\/santemc.quebec\/icentre\/wp-json\/wp\/v2\/posts\/7647\/revisions"}],"predecessor-version":[{"id":7648,"href":"https:\/\/santemc.quebec\/icentre\/wp-json\/wp\/v2\/posts\/7647\/revisions\/7648"}],"wp:attachment":[{"href":"https:\/\/santemc.quebec\/icentre\/wp-json\/wp\/v2\/media?parent=7647"}],"wp:term":[{"taxonomy":"category","embeddable":true,"href":"https:\/\/santemc.quebec\/icentre\/wp-json\/wp\/v2\/categories?post=7647"},{"taxonomy":"post_tag","embeddable":true,"href":"https:\/\/santemc.quebec\/icentre\/wp-json\/wp\/v2\/tags?post=7647"}],"curies":[{"name":"wp","href":"https:\/\/api.w.org\/{rel}","templated":true}]}}