{"id":770,"date":"2015-09-08T11:01:55","date_gmt":"2015-09-08T15:01:55","guid":{"rendered":"http:\/\/santemc.quebec\/icentre\/?p=770"},"modified":"2015-09-08T14:48:53","modified_gmt":"2015-09-08T18:48:53","slug":"mot-du-pdg-designations-au-conseil-dadministration-4-membres-designes-a-ce-jour","status":"publish","type":"post","link":"https:\/\/santemc.quebec\/icentre\/mot-du-pdg-designations-au-conseil-dadministration-4-membres-designes-a-ce-jour\/","title":{"rendered":"Mot du PDG &#8211; D\u00e9signations au conseil d\u2019administration : 4 membres d\u00e9sign\u00e9s \u00e0 ce jour"},"content":{"rendered":"<p><a href=\"http:\/\/santemc.quebec\/santemc\/icentre\/wp-content\/uploads\/2015\/03\/Richard-Deschamps-2012-001-e1430408854308.jpg\"><img decoding=\"async\" loading=\"lazy\" class=\"alignleft wp-image-107 size-thumbnail\" src=\"http:\/\/santemc.quebec\/santemc\/icentre\/wp-content\/uploads\/2015\/03\/Richard-Deschamps-2012-001-150x150.jpg\" alt=\"Richard Deschamps 2012 001\" width=\"150\" height=\"150\" \/><\/a>La p\u00e9riode de mise en candidature dans le cadre du processus de d\u00e9signation pour les coll\u00e8ges DRMG, CMDP, CM et CII, s\u2019\u00e9chelonnait du 14 au 25 ao\u00fbt\u00a02015 inclusivement. D\u00e8s le lendemain, la pr\u00e9sidente du processus, Mme Christine Daniel, directrice g\u00e9n\u00e9rale adjointe, m\u2019a inform\u00e9 avoir re\u00e7u qu\u2019une seule candidature valide dans chaque coll\u00e8ge. Il n\u2019y a donc pas lieu d\u2019organiser des scrutins.<!--more--><\/p>\n<p>Les personnes suivantes ont \u00e9t\u00e9 d\u00e9sign\u00e9es :<\/p>\n<ul>\n<li><strong>DRMG &#8211; <\/strong>Docteur Jean Desormeau, omnipraticien \u00e0 Saint-Jean-sur-Richelieu<\/li>\n<li><strong>CMDP\u00a0&#8211;<\/strong> Docteur Pierre Guay, psychiatre \u00e0 l\u2019H\u00f4pital du Haut-Richelieu<\/li>\n<li><strong>CII\u00a0&#8211;<\/strong> Mme Chantal Charette, infirmi\u00e8re clinicienne \u00e0 l\u2019installation CCLM<\/li>\n<li><strong>CM\u00a0&#8211;<\/strong> Xavier Vandeputte, \u00e9ducateur sp\u00e9cialis\u00e9 aux centres d\u2019h\u00e9bergement Val-Joli et St-Joseph, respectivement \u00e0 Saint-C\u00e9saire et \u00e0 Chambly<\/li>\n<\/ul>\n<p>Les certificats de d\u00e9signation sans concurrent sont affich\u00e9s sur les babillards de nos installations ainsi qu\u2019\u00e0 l\u2019adresse <a href=\"http:\/\/www.santemc.quebec\/ca\">www.santemc.quebec\/ca<\/a>. \u00a0Je remercie sinc\u00e8rement ces personnes de l\u2019int\u00e9r\u00eat qu\u2019elles portent \u00e0 la gouvernance de notre CISSS.<\/p>\n<p>Par ailleurs, pour les autres membres au conseil, le processus se poursuit jusqu\u2019au 24 septembre prochain. Nous conna\u00eetrons alors les noms de la personne d\u00e9sign\u00e9e par et parmi les membres du comit\u00e9 des usagers, du pharmacien d\u2019\u00e9tablissement d\u00e9sign\u00e9 par et parmi les membres du comit\u00e9 r\u00e9gional sur les services pharmaceutiques (CRSP) ainsi que des 9 membres ind\u00e9pendants et de celui issu du milieu de l\u2019enseignement nomm\u00e9s par le ministre.<\/p>\n<p>Le conseil d\u2019administration sera donc en place \u00e0 compter du 25 septembre 2015.<\/p>\n","protected":false},"excerpt":{"rendered":"<p>La p\u00e9riode de mise en candidature dans le cadre du processus de d\u00e9signation pour les coll\u00e8ges DRMG, CMDP, CM et CII, s\u2019\u00e9chelonnait du 14 au 25 ao\u00fbt\u00a02015 inclusivement. D\u00e8s le lendemain, la pr\u00e9sidente du processus, Mme Christine Daniel, directrice g\u00e9n\u00e9rale &hellip; <a href=\"https:\/\/santemc.quebec\/icentre\/mot-du-pdg-designations-au-conseil-dadministration-4-membres-designes-a-ce-jour\/\">Continuer la lecture <span class=\"meta-nav\">&rarr;<\/span><\/a><\/p>\n","protected":false},"author":1,"featured_media":0,"comment_status":"open","ping_status":"closed","sticky":false,"template":"","format":"standard","meta":{"footnotes":""},"categories":[9],"tags":[],"_links":{"self":[{"href":"https:\/\/santemc.quebec\/icentre\/wp-json\/wp\/v2\/posts\/770"}],"collection":[{"href":"https:\/\/santemc.quebec\/icentre\/wp-json\/wp\/v2\/posts"}],"about":[{"href":"https:\/\/santemc.quebec\/icentre\/wp-json\/wp\/v2\/types\/post"}],"author":[{"embeddable":true,"href":"https:\/\/santemc.quebec\/icentre\/wp-json\/wp\/v2\/users\/1"}],"replies":[{"embeddable":true,"href":"https:\/\/santemc.quebec\/icentre\/wp-json\/wp\/v2\/comments?post=770"}],"version-history":[{"count":3,"href":"https:\/\/santemc.quebec\/icentre\/wp-json\/wp\/v2\/posts\/770\/revisions"}],"predecessor-version":[{"id":773,"href":"https:\/\/santemc.quebec\/icentre\/wp-json\/wp\/v2\/posts\/770\/revisions\/773"}],"wp:attachment":[{"href":"https:\/\/santemc.quebec\/icentre\/wp-json\/wp\/v2\/media?parent=770"}],"wp:term":[{"taxonomy":"category","embeddable":true,"href":"https:\/\/santemc.quebec\/icentre\/wp-json\/wp\/v2\/categories?post=770"},{"taxonomy":"post_tag","embeddable":true,"href":"https:\/\/santemc.quebec\/icentre\/wp-json\/wp\/v2\/tags?post=770"}],"curies":[{"name":"wp","href":"https:\/\/api.w.org\/{rel}","templated":true}]}}