{"id":783,"date":"2015-09-10T10:03:13","date_gmt":"2015-09-10T14:03:13","guid":{"rendered":"http:\/\/santemc.quebec\/icentre\/?p=783"},"modified":"2015-09-10T10:29:58","modified_gmt":"2015-09-10T14:29:58","slug":"nomination-au-poste-de-directeur-adjoint-des-ressources-financieres-gestion-budgetaire-et-performance-financiere","status":"publish","type":"post","link":"https:\/\/santemc.quebec\/icentre\/nomination-au-poste-de-directeur-adjoint-des-ressources-financieres-gestion-budgetaire-et-performance-financiere\/","title":{"rendered":"Nomination au poste de directeur adjoint des ressources financi\u00e8res \u2013 gestion budg\u00e9taire et performance financi\u00e8re"},"content":{"rendered":"<p>C\u2019est avec plaisir que je vous annonce la nomination de monsieur David Busque au poste de directeur adjoint- gestion budg\u00e9taire et performance financi\u00e8re \u00e0 la Direction des ressources financi\u00e8res.<!--more--><\/p>\n<p>Poss\u00e9dant une ma\u00eetrise en administration des affaires,\u00a0 M. Busque \u0153uvre au sein du r\u00e9seau de la sant\u00e9 et des services sociaux depuis plus de six ans, et ce, \u00e0 titre de cadre sup\u00e9rieur. Jusqu\u2019\u00e0 sa nomination, il occupait un poste de chef de service \u00e0 l\u2019approvisionnement au CIUSSS de l\u2019Estrie-CHUS. Auparavant, il a assum\u00e9 la fonction de directeur des ressources financi\u00e8res au CSSS de La Pommeraie.<\/p>\n<p>Ayant travaill\u00e9 les derni\u00e8res ann\u00e9es dans le domaine et occup\u00e9\u00a0 divers postes, il poss\u00e8de une excellente connaissance de l\u2019ensemble des secteurs de la Direction des ressources financi\u00e8res.<\/p>\n<p>Son expertise dans le secteur de la sant\u00e9 et ses connaissances acquises, sont sans aucun doute, des atouts pour notre nouvelle entit\u00e9.<\/p>\n<p>Je suis tr\u00e8s heureuse que M. Busque se joigne \u00e0 notre \u00e9quipe de gestionnaires et je lui souhaite la meilleure des chances dans l\u2019exercice de ses nouvelles fonctions.<\/p>\n","protected":false},"excerpt":{"rendered":"<p>C\u2019est avec plaisir que je vous annonce la nomination de monsieur David Busque au poste de directeur adjoint- gestion budg\u00e9taire et performance financi\u00e8re \u00e0 la Direction des ressources financi\u00e8res.<\/p>\n","protected":false},"author":1,"featured_media":0,"comment_status":"open","ping_status":"closed","sticky":false,"template":"","format":"standard","meta":{"footnotes":""},"categories":[2],"tags":[8],"_links":{"self":[{"href":"https:\/\/santemc.quebec\/icentre\/wp-json\/wp\/v2\/posts\/783"}],"collection":[{"href":"https:\/\/santemc.quebec\/icentre\/wp-json\/wp\/v2\/posts"}],"about":[{"href":"https:\/\/santemc.quebec\/icentre\/wp-json\/wp\/v2\/types\/post"}],"author":[{"embeddable":true,"href":"https:\/\/santemc.quebec\/icentre\/wp-json\/wp\/v2\/users\/1"}],"replies":[{"embeddable":true,"href":"https:\/\/santemc.quebec\/icentre\/wp-json\/wp\/v2\/comments?post=783"}],"version-history":[{"count":1,"href":"https:\/\/santemc.quebec\/icentre\/wp-json\/wp\/v2\/posts\/783\/revisions"}],"predecessor-version":[{"id":784,"href":"https:\/\/santemc.quebec\/icentre\/wp-json\/wp\/v2\/posts\/783\/revisions\/784"}],"wp:attachment":[{"href":"https:\/\/santemc.quebec\/icentre\/wp-json\/wp\/v2\/media?parent=783"}],"wp:term":[{"taxonomy":"category","embeddable":true,"href":"https:\/\/santemc.quebec\/icentre\/wp-json\/wp\/v2\/categories?post=783"},{"taxonomy":"post_tag","embeddable":true,"href":"https:\/\/santemc.quebec\/icentre\/wp-json\/wp\/v2\/tags?post=783"}],"curies":[{"name":"wp","href":"https:\/\/api.w.org\/{rel}","templated":true}]}}