{"id":798,"date":"2015-09-17T15:03:41","date_gmt":"2015-09-17T19:03:41","guid":{"rendered":"http:\/\/santemc.quebec\/icentre\/?p=798"},"modified":"2015-09-17T15:05:58","modified_gmt":"2015-09-17T19:05:58","slug":"nomination-de-la-directrice-adjointe-des-soins-infirmiers-operations","status":"publish","type":"post","link":"https:\/\/santemc.quebec\/icentre\/nomination-de-la-directrice-adjointe-des-soins-infirmiers-operations\/","title":{"rendered":"Nomination de la directrice adjointe des soins infirmiers \u2013 op\u00e9rations"},"content":{"rendered":"<p>C\u2019est avec plaisir que je vous annonce la nomination de madame Nathalie Moreau au poste de directrice adjointe des soins infirmiers \u2013 op\u00e9rations pour le CISSS de la Mont\u00e9r\u00e9gie-Centre.<!--more--><\/p>\n<p>Dans le cadre de ses nouvelles fonctions, elle aura sous sa responsabilit\u00e9 les secteurs des urgences, la coordination des activit\u00e9s de soins, la gestion des lits, les services de premi\u00e8re ligne ainsi que les services r\u00e9gionaux Info-Sant\u00e9 et Info-social.<\/p>\n<p>Madame Moreau d\u00e9tient un baccalaur\u00e9at en sciences de l\u2019Universit\u00e9 de Montr\u00e9al et une ma\u00eetrise en gestion et d\u00e9veloppement des organisations de l\u2019Universit\u00e9 Laval. De 2010 jusqu\u2019\u00e0 sa nomination, elle \u00e9tait coordonnatrice du Centre int\u00e9gr\u00e9 de canc\u00e9rologie de la Mont\u00e9r\u00e9gie et cogestionnaire du R\u00e9seau de Canc\u00e9rologie de la Mont\u00e9r\u00e9gie. Auparavant, elle a \u00e9t\u00e9 adjointe au chef clinico-administratif du programme canc\u00e9rologie.<\/p>\n<p>Madame Moreau, qui est dans le r\u00e9seau de la sant\u00e9 et des services sociaux depuis plus de 25 ans, dont 7 ans dans des fonctions de cadres interm\u00e9diaires, a proc\u00e9d\u00e9 \u00e0 l\u2019am\u00e9lioration de l\u2019offre de services au niveau de la radio-oncologie ainsi qu\u2019en canc\u00e9rologie. Elle a r\u00e9vis\u00e9 plusieurs processus afin d\u2019am\u00e9liorer l\u2019exp\u00e9rience patient, la qualit\u00e9 et la continuit\u00e9 des soins et services offerts \u00e0 la population.<\/p>\n<p>Gestionnaire reconnue par ses pairs pour ses qualit\u00e9s de leader, elle a acquis une exp\u00e9rience significative en gestion du changement lors de la mise en place du Centre de Canc\u00e9rologie en Mont\u00e9r\u00e9gie. Mme Moreau est ax\u00e9e sur les r\u00e9sultats et les donn\u00e9es probantes. Elle d\u00e9montre une grande d\u00e9termination \u00e0 am\u00e9liorer l\u2019offre de soins et services \u00e0 la population.<\/p>\n<p>Nous sommes tr\u00e8s heureux qu\u2019elle se joigne \u00e0 l\u2019\u00e9quipe de direction du CISSS de la Mont\u00e9r\u00e9gie-Centre et nous lui souhaitons la meilleure des chances dans l\u2019exercice de ses nouvelles fonctions et tout le succ\u00e8s voulu dans la poursuite de sa carri\u00e8re.<\/p>\n","protected":false},"excerpt":{"rendered":"<p>C\u2019est avec plaisir que je vous annonce la nomination de madame Nathalie Moreau au poste de directrice adjointe des soins infirmiers \u2013 op\u00e9rations pour le CISSS de la Mont\u00e9r\u00e9gie-Centre.<\/p>\n","protected":false},"author":1,"featured_media":0,"comment_status":"open","ping_status":"closed","sticky":false,"template":"","format":"standard","meta":{"footnotes":""},"categories":[2],"tags":[8],"_links":{"self":[{"href":"https:\/\/santemc.quebec\/icentre\/wp-json\/wp\/v2\/posts\/798"}],"collection":[{"href":"https:\/\/santemc.quebec\/icentre\/wp-json\/wp\/v2\/posts"}],"about":[{"href":"https:\/\/santemc.quebec\/icentre\/wp-json\/wp\/v2\/types\/post"}],"author":[{"embeddable":true,"href":"https:\/\/santemc.quebec\/icentre\/wp-json\/wp\/v2\/users\/1"}],"replies":[{"embeddable":true,"href":"https:\/\/santemc.quebec\/icentre\/wp-json\/wp\/v2\/comments?post=798"}],"version-history":[{"count":2,"href":"https:\/\/santemc.quebec\/icentre\/wp-json\/wp\/v2\/posts\/798\/revisions"}],"predecessor-version":[{"id":800,"href":"https:\/\/santemc.quebec\/icentre\/wp-json\/wp\/v2\/posts\/798\/revisions\/800"}],"wp:attachment":[{"href":"https:\/\/santemc.quebec\/icentre\/wp-json\/wp\/v2\/media?parent=798"}],"wp:term":[{"taxonomy":"category","embeddable":true,"href":"https:\/\/santemc.quebec\/icentre\/wp-json\/wp\/v2\/categories?post=798"},{"taxonomy":"post_tag","embeddable":true,"href":"https:\/\/santemc.quebec\/icentre\/wp-json\/wp\/v2\/tags?post=798"}],"curies":[{"name":"wp","href":"https:\/\/api.w.org\/{rel}","templated":true}]}}