{"id":802,"date":"2015-09-22T14:01:10","date_gmt":"2015-09-22T18:01:10","guid":{"rendered":"http:\/\/santemc.quebec\/icentre\/?p=802"},"modified":"2015-09-22T14:11:01","modified_gmt":"2015-09-22T18:11:01","slug":"bulletin-periscope-les-incapacites-chez-les-monteregiens-de-65-ans-et-plus","status":"publish","type":"post","link":"https:\/\/santemc.quebec\/icentre\/bulletin-periscope-les-incapacites-chez-les-monteregiens-de-65-ans-et-plus\/","title":{"rendered":"Bulletin P\u00e9riscope : les incapacit\u00e9s chez les Mont\u00e9r\u00e9giens de 65 ans et plus"},"content":{"rendered":"<p><img decoding=\"async\" loading=\"lazy\" class=\"alignleft\" src=\"http:\/\/extranet.santemonteregie.qc.ca\/userfiles\/image\/sante-publique\/surveillance-etat-sante\/N3-180-Periscope.jpg\" alt=\"Bulletin P\u00e9riscope\" width=\"260\" height=\"182\" \/>Le premier P\u00e9riscope de l\u2019ann\u00e9e porte sur les incapacit\u00e9s chez les Mont\u00e9r\u00e9giens de 65 ans et plus. Ce bulletin traite non seulement de la pr\u00e9valence de l\u2019incapacit\u00e9, mais \u00e9galement de ses r\u00e9percussions, autant sur la r\u00e9alisation des activit\u00e9s de la vie quotidienne et domestique que sur la participation sociale.<!--more--><\/p>\n<p>Pour acc\u00e9der \u00e0 la version int\u00e9grale du bulletin d\u2019information,\u00a0rendez-vous sur le site\u00a0<a class=\"pdf\" href=\"http:\/\/extranet.santemonteregie.qc.ca\/depot\/document\/3817\/Periscope-Incapacite-65etplus.pdf\" target=\"_blank\">Extranet<\/a>.<\/p>\n<p>Le P\u00e9riscope est un bulletin produit par le\u00a0secteur Surveillance de l&rsquo;\u00e9tat de sant\u00e9 de la population de la Direction de sant\u00e9 publique de la Mont\u00e9r\u00e9gie.<\/p>\n","protected":false},"excerpt":{"rendered":"<p>Le premier P\u00e9riscope de l\u2019ann\u00e9e porte sur les incapacit\u00e9s chez les Mont\u00e9r\u00e9giens de 65 ans et plus. Ce bulletin traite non seulement de la pr\u00e9valence de l\u2019incapacit\u00e9, mais \u00e9galement de ses r\u00e9percussions, autant sur la r\u00e9alisation des activit\u00e9s de la &hellip; <a href=\"https:\/\/santemc.quebec\/icentre\/bulletin-periscope-les-incapacites-chez-les-monteregiens-de-65-ans-et-plus\/\">Continuer la lecture <span class=\"meta-nav\">&rarr;<\/span><\/a><\/p>\n","protected":false},"author":1,"featured_media":0,"comment_status":"open","ping_status":"closed","sticky":false,"template":"","format":"standard","meta":{"footnotes":""},"categories":[1],"tags":[11,44],"_links":{"self":[{"href":"https:\/\/santemc.quebec\/icentre\/wp-json\/wp\/v2\/posts\/802"}],"collection":[{"href":"https:\/\/santemc.quebec\/icentre\/wp-json\/wp\/v2\/posts"}],"about":[{"href":"https:\/\/santemc.quebec\/icentre\/wp-json\/wp\/v2\/types\/post"}],"author":[{"embeddable":true,"href":"https:\/\/santemc.quebec\/icentre\/wp-json\/wp\/v2\/users\/1"}],"replies":[{"embeddable":true,"href":"https:\/\/santemc.quebec\/icentre\/wp-json\/wp\/v2\/comments?post=802"}],"version-history":[{"count":3,"href":"https:\/\/santemc.quebec\/icentre\/wp-json\/wp\/v2\/posts\/802\/revisions"}],"predecessor-version":[{"id":805,"href":"https:\/\/santemc.quebec\/icentre\/wp-json\/wp\/v2\/posts\/802\/revisions\/805"}],"wp:attachment":[{"href":"https:\/\/santemc.quebec\/icentre\/wp-json\/wp\/v2\/media?parent=802"}],"wp:term":[{"taxonomy":"category","embeddable":true,"href":"https:\/\/santemc.quebec\/icentre\/wp-json\/wp\/v2\/categories?post=802"},{"taxonomy":"post_tag","embeddable":true,"href":"https:\/\/santemc.quebec\/icentre\/wp-json\/wp\/v2\/tags?post=802"}],"curies":[{"name":"wp","href":"https:\/\/api.w.org\/{rel}","templated":true}]}}