{"id":807,"date":"2015-09-22T15:05:48","date_gmt":"2015-09-22T19:05:48","guid":{"rendered":"http:\/\/santemc.quebec\/icentre\/?p=807"},"modified":"2015-09-23T08:51:57","modified_gmt":"2015-09-23T12:51:57","slug":"une-reconnaissance-du-comite-des-usagers-du-territoire-champlain-charles-le-moyne-envers-des-personnes-engagees","status":"publish","type":"post","link":"https:\/\/santemc.quebec\/icentre\/une-reconnaissance-du-comite-des-usagers-du-territoire-champlain-charles-le-moyne-envers-des-personnes-engagees\/","title":{"rendered":"Une reconnaissance du comit\u00e9 des usagers du territoire Champlain\u2013Charles-Le Moyne envers des personnes engag\u00e9es"},"content":{"rendered":"<p>Lors de la plus r\u00e9cente assembl\u00e9e g\u00e9n\u00e9rale annuelle du comit\u00e9 des usagers, des personnes ont \u00e9t\u00e9 reconnues pour leur engagement \u00e0 l\u2019\u00e9gard du bien-\u00eatre des autres.<!--more--><\/p>\n<p><a href=\"http:\/\/santemc.quebec\/santemc\/icentre\/wp-content\/uploads\/2015\/09\/PBrodeur1.jpg\"><img decoding=\"async\" loading=\"lazy\" class=\"alignnone size-medium wp-image-811\" src=\"http:\/\/santemc.quebec\/santemc\/icentre\/wp-content\/uploads\/2015\/09\/PBrodeur1-239x300.jpg\" alt=\"PBrodeur1\" width=\"239\" height=\"300\" srcset=\"https:\/\/santemc.quebec\/santemc\/icentre\/wp-content\/uploads\/2015\/09\/PBrodeur1-239x300.jpg 239w, https:\/\/santemc.quebec\/santemc\/icentre\/wp-content\/uploads\/2015\/09\/PBrodeur1.jpg 700w\" sizes=\"(max-width: 239px) 100vw, 239px\" \/><\/a><\/p>\n<p>Mme Pauline Brodeur a \u00e9t\u00e9 reconnue pour son engagement au sein de l&rsquo;Association des b\u00e9n\u00e9voles de l&rsquo;H\u00f4pital Charles-Le Moyne. Elle agit, entre autres, \u00e0 titre de tr\u00e9sori\u00e8re et s&rsquo;occupe de plusieurs autres activit\u00e9s.<\/p>\n<p><a href=\"http:\/\/santemc.quebec\/santemc\/icentre\/wp-content\/uploads\/2015\/09\/famille_Tremblay.jpg\"><img decoding=\"async\" loading=\"lazy\" class=\"alignnone size-medium wp-image-808\" src=\"http:\/\/santemc.quebec\/santemc\/icentre\/wp-content\/uploads\/2015\/09\/famille_Tremblay-300x113.jpg\" alt=\"famille_Tremblay\" width=\"300\" height=\"113\" srcset=\"https:\/\/santemc.quebec\/santemc\/icentre\/wp-content\/uploads\/2015\/09\/famille_Tremblay-300x113.jpg 300w, https:\/\/santemc.quebec\/santemc\/icentre\/wp-content\/uploads\/2015\/09\/famille_Tremblay-500x189.jpg 500w, https:\/\/santemc.quebec\/santemc\/icentre\/wp-content\/uploads\/2015\/09\/famille_Tremblay.jpg 1000w\" sizes=\"(max-width: 300px) 100vw, 300px\" \/><\/a><\/p>\n<p>La famille de M. Robert Tremblay, soit Claudine, Lisette et Mariette Tremblay ainsi que M. B\u00e9rard Bujold, ont \u00e9t\u00e9 salu\u00e9s pour leur implication \u00e0 titre de proches aidants.<\/p>\n<p><a href=\"http:\/\/santemc.quebec\/santemc\/icentre\/wp-content\/uploads\/2015\/09\/LDufresne.jpg\"><img decoding=\"async\" loading=\"lazy\" class=\"alignnone size-medium wp-image-809\" src=\"http:\/\/santemc.quebec\/santemc\/icentre\/wp-content\/uploads\/2015\/09\/LDufresne-300x248.jpg\" alt=\"LDufresne\" width=\"300\" height=\"248\" srcset=\"https:\/\/santemc.quebec\/santemc\/icentre\/wp-content\/uploads\/2015\/09\/LDufresne-300x248.jpg 300w, https:\/\/santemc.quebec\/santemc\/icentre\/wp-content\/uploads\/2015\/09\/LDufresne-362x300.jpg 362w, https:\/\/santemc.quebec\/santemc\/icentre\/wp-content\/uploads\/2015\/09\/LDufresne.jpg 1000w\" sizes=\"(max-width: 300px) 100vw, 300px\" \/><\/a><\/p>\n<p>Mme Lyse Dufresne, quant \u00e0 elle, a \u00e9t\u00e9 reconnue comme proche aidante pour une personne dialys\u00e9e \u00e0 domicile.<\/p>\n<p><a href=\"http:\/\/santemc.quebec\/santemc\/icentre\/wp-content\/uploads\/2015\/09\/centre_nephrologie.jpg\"><img decoding=\"async\" loading=\"lazy\" class=\"alignnone size-medium wp-image-813\" src=\"http:\/\/santemc.quebec\/santemc\/icentre\/wp-content\/uploads\/2015\/09\/centre_nephrologie-300x116.jpg\" alt=\"centre_nephrologie\" width=\"300\" height=\"116\" srcset=\"https:\/\/santemc.quebec\/santemc\/icentre\/wp-content\/uploads\/2015\/09\/centre_nephrologie-300x116.jpg 300w, https:\/\/santemc.quebec\/santemc\/icentre\/wp-content\/uploads\/2015\/09\/centre_nephrologie-500x194.jpg 500w, https:\/\/santemc.quebec\/santemc\/icentre\/wp-content\/uploads\/2015\/09\/centre_nephrologie.jpg 1000w\" sizes=\"(max-width: 300px) 100vw, 300px\" \/><\/a><\/p>\n<p>Le personnel du centre de n\u00e9phrologie a re\u00e7u un coup de chapeau pour l&rsquo;ensemble de ses activit\u00e9s aupr\u00e8s des usagers.<\/p>\n<p><a href=\"http:\/\/santemc.quebec\/santemc\/icentre\/wp-content\/uploads\/2015\/09\/MDuclos.jpg\"><img decoding=\"async\" loading=\"lazy\" class=\"alignnone size-medium wp-image-810\" src=\"http:\/\/santemc.quebec\/santemc\/icentre\/wp-content\/uploads\/2015\/09\/MDuclos-300x237.jpg\" alt=\"MDuclos\" width=\"300\" height=\"237\" srcset=\"https:\/\/santemc.quebec\/santemc\/icentre\/wp-content\/uploads\/2015\/09\/MDuclos-300x237.jpg 300w, https:\/\/santemc.quebec\/santemc\/icentre\/wp-content\/uploads\/2015\/09\/MDuclos-380x300.jpg 380w, https:\/\/santemc.quebec\/santemc\/icentre\/wp-content\/uploads\/2015\/09\/MDuclos.jpg 1000w\" sizes=\"(max-width: 300px) 100vw, 300px\" \/><\/a><\/p>\n<p>Marc Duclos, ancien pr\u00e9sident du conseil d\u2019administration de l\u2019ancien CSSS Champlain\u2013Charles-Le Moyne, a \u00e9t\u00e9 salu\u00e9 pour son implication et son d\u00e9vouement \u00e0 l\u2019\u00e9gard des usagers et \u00e0 titre de proche aidant aupr\u00e8s d&rsquo;un membre de sa famille.<\/p>\n<p><a href=\"http:\/\/santemc.quebec\/santemc\/icentre\/wp-content\/uploads\/2015\/09\/RLynch.jpg\"><img decoding=\"async\" loading=\"lazy\" class=\"alignnone size-medium wp-image-812\" src=\"http:\/\/santemc.quebec\/santemc\/icentre\/wp-content\/uploads\/2015\/09\/RLynch-300x154.jpg\" alt=\"RLynch\" width=\"300\" height=\"154\" srcset=\"https:\/\/santemc.quebec\/santemc\/icentre\/wp-content\/uploads\/2015\/09\/RLynch-300x154.jpg 300w, https:\/\/santemc.quebec\/santemc\/icentre\/wp-content\/uploads\/2015\/09\/RLynch-500x257.jpg 500w, https:\/\/santemc.quebec\/santemc\/icentre\/wp-content\/uploads\/2015\/09\/RLynch.jpg 1000w\" sizes=\"(max-width: 300px) 100vw, 300px\" \/><\/a><\/p>\n<p>Au cours de cette m\u00eame assembl\u00e9e, M. Raymond Lynch, pr\u00e9sident sortant du comit\u00e9 des usagers, a re\u00e7u un tableau du peintre Raynald Murphy. Ce cadeau visait \u00e0 remercier M. Lynch de son ind\u00e9fectible d\u00e9vouement pendant six ans au sein du comit\u00e9, dont trois \u00e0 titre de pr\u00e9sident.<\/p>\n<p><strong>Voici la nouvelle composition du comit\u00e9 des usagers du territoire Champlain\u2013Charles-Le Moyne<\/strong><\/p>\n<p>Mme Denise M\u00e9nard, pr\u00e9sidente;<br \/>\nM. Jean Mercier, 1<sup>er<\/sup> vice-pr\u00e9sident;<br \/>\nM. Jacques Beaumont, 2<sup>e<\/sup> vice-pr\u00e9sident;<br \/>\nMme Marie-H\u00e9l\u00e8ne Thabet, secr\u00e9taire;<br \/>\nMme Francine Bouchard, tr\u00e9sori\u00e8re;<br \/>\nM. Benoit Proulx;<br \/>\nMme Henriette Lemire;<br \/>\nMme Dolor\u00e8s L\u00e9vesque;<br \/>\nM. Pierre Lecompte.<\/p>\n","protected":false},"excerpt":{"rendered":"<p>Lors de la plus r\u00e9cente assembl\u00e9e g\u00e9n\u00e9rale annuelle du comit\u00e9 des usagers, des personnes ont \u00e9t\u00e9 reconnues pour leur engagement \u00e0 l\u2019\u00e9gard du bien-\u00eatre des autres.<\/p>\n","protected":false},"author":2,"featured_media":0,"comment_status":"open","ping_status":"closed","sticky":false,"template":"","format":"standard","meta":{"footnotes":""},"categories":[1],"tags":[],"_links":{"self":[{"href":"https:\/\/santemc.quebec\/icentre\/wp-json\/wp\/v2\/posts\/807"}],"collection":[{"href":"https:\/\/santemc.quebec\/icentre\/wp-json\/wp\/v2\/posts"}],"about":[{"href":"https:\/\/santemc.quebec\/icentre\/wp-json\/wp\/v2\/types\/post"}],"author":[{"embeddable":true,"href":"https:\/\/santemc.quebec\/icentre\/wp-json\/wp\/v2\/users\/2"}],"replies":[{"embeddable":true,"href":"https:\/\/santemc.quebec\/icentre\/wp-json\/wp\/v2\/comments?post=807"}],"version-history":[{"count":3,"href":"https:\/\/santemc.quebec\/icentre\/wp-json\/wp\/v2\/posts\/807\/revisions"}],"predecessor-version":[{"id":819,"href":"https:\/\/santemc.quebec\/icentre\/wp-json\/wp\/v2\/posts\/807\/revisions\/819"}],"wp:attachment":[{"href":"https:\/\/santemc.quebec\/icentre\/wp-json\/wp\/v2\/media?parent=807"}],"wp:term":[{"taxonomy":"category","embeddable":true,"href":"https:\/\/santemc.quebec\/icentre\/wp-json\/wp\/v2\/categories?post=807"},{"taxonomy":"post_tag","embeddable":true,"href":"https:\/\/santemc.quebec\/icentre\/wp-json\/wp\/v2\/tags?post=807"}],"curies":[{"name":"wp","href":"https:\/\/api.w.org\/{rel}","templated":true}]}}