{"id":816,"date":"2015-09-28T11:00:30","date_gmt":"2015-09-28T15:00:30","guid":{"rendered":"http:\/\/santemc.quebec\/icentre\/?p=816"},"modified":"2015-09-28T14:10:00","modified_gmt":"2015-09-28T18:10:00","slug":"la-direction-de-sante-publique-de-la-monteregie-bien-represente-dans-la-revue-le-medecin-du-quebec","status":"publish","type":"post","link":"https:\/\/santemc.quebec\/icentre\/la-direction-de-sante-publique-de-la-monteregie-bien-represente-dans-la-revue-le-medecin-du-quebec\/","title":{"rendered":"La Direction de sant\u00e9 publique de la Mont\u00e9r\u00e9gie bien repr\u00e9sent\u00e9e dans la revue \u00ab Le m\u00e9decin du Qu\u00e9bec \u00bb"},"content":{"rendered":"<p><img decoding=\"async\" loading=\"lazy\" class=\"alignleft\" src=\"https:\/\/fmoq-mdq.s3.amazonaws.com\/2015\/09\/couvert-0915.jpg\" alt=\"\" width=\"141\" height=\"187\" \/><img decoding=\"async\" loading=\"lazy\" class=\" alignleft\" src=\"https:\/\/fmoq-mdq.s3.amazonaws.com\/2015\/08\/couvert-0815.jpg\" alt=\"\" width=\"141\" height=\"187\" \/>Des m\u00e9decins et des professionnels de la Direction de sant\u00e9 publique de la Mont\u00e9r\u00e9gie ont contribu\u00e9 grandement aux 2 derniers num\u00e9ros de la revue \u00ab Le m<em>\u00e9decin du Qu\u00e9bec \u00bb, <\/em>le\u00a0mensuel de la FMOQ distribu\u00e9 aux m\u00e9decins omnipraticiens et \u00e0 certains m\u00e9decins sp\u00e9cialistes du Qu\u00e9bec.\u00a0Nous vous invitons \u00e0 aller jeter un \u0153il \u00e0 ces 2 parutions :<!--more--><\/p>\n<ul>\n<li>Ao\u00fbt 2015 : \u00ab <a href=\"http:\/\/lemedecinduquebec.org\/archives\/2015\/8\/\" target=\"_blank\">Les Zoonoses<\/a> \u00bb<br \/>\nsous la coordination de Dr Fran\u00e7ois Milord<\/li>\n<\/ul>\n<ul>\n<li>Septembre 2015 : \u00ab\u00a0<a href=\"http:\/\/lemedecinduquebec.org\/archives\/2015\/9\/\" target=\"_blank\">Quand la sant\u00e9 publique fait l&rsquo;actualit\u00e9..<\/a>.\u00bb<br \/>\nsous la coordination de Dre Christine Lacroix.<\/li>\n<\/ul>\n<p>&nbsp;<\/p>\n","protected":false},"excerpt":{"rendered":"<p>Des m\u00e9decins et des professionnels de la Direction de sant\u00e9 publique de la Mont\u00e9r\u00e9gie ont contribu\u00e9 grandement aux 2 derniers num\u00e9ros de la revue \u00ab Le m\u00e9decin du Qu\u00e9bec \u00bb, le\u00a0mensuel de la FMOQ distribu\u00e9 aux m\u00e9decins omnipraticiens et \u00e0 &hellip; <a href=\"https:\/\/santemc.quebec\/icentre\/la-direction-de-sante-publique-de-la-monteregie-bien-represente-dans-la-revue-le-medecin-du-quebec\/\">Continuer la lecture <span class=\"meta-nav\">&rarr;<\/span><\/a><\/p>\n","protected":false},"author":1,"featured_media":0,"comment_status":"open","ping_status":"closed","sticky":false,"template":"","format":"standard","meta":{"footnotes":""},"categories":[1],"tags":[],"_links":{"self":[{"href":"https:\/\/santemc.quebec\/icentre\/wp-json\/wp\/v2\/posts\/816"}],"collection":[{"href":"https:\/\/santemc.quebec\/icentre\/wp-json\/wp\/v2\/posts"}],"about":[{"href":"https:\/\/santemc.quebec\/icentre\/wp-json\/wp\/v2\/types\/post"}],"author":[{"embeddable":true,"href":"https:\/\/santemc.quebec\/icentre\/wp-json\/wp\/v2\/users\/1"}],"replies":[{"embeddable":true,"href":"https:\/\/santemc.quebec\/icentre\/wp-json\/wp\/v2\/comments?post=816"}],"version-history":[{"count":9,"href":"https:\/\/santemc.quebec\/icentre\/wp-json\/wp\/v2\/posts\/816\/revisions"}],"predecessor-version":[{"id":826,"href":"https:\/\/santemc.quebec\/icentre\/wp-json\/wp\/v2\/posts\/816\/revisions\/826"}],"wp:attachment":[{"href":"https:\/\/santemc.quebec\/icentre\/wp-json\/wp\/v2\/media?parent=816"}],"wp:term":[{"taxonomy":"category","embeddable":true,"href":"https:\/\/santemc.quebec\/icentre\/wp-json\/wp\/v2\/categories?post=816"},{"taxonomy":"post_tag","embeddable":true,"href":"https:\/\/santemc.quebec\/icentre\/wp-json\/wp\/v2\/tags?post=816"}],"curies":[{"name":"wp","href":"https:\/\/api.w.org\/{rel}","templated":true}]}}