{"id":827,"date":"2015-09-28T14:09:02","date_gmt":"2015-09-28T18:09:02","guid":{"rendered":"http:\/\/santemc.quebec\/icentre\/?p=827"},"modified":"2015-09-29T08:53:07","modified_gmt":"2015-09-29T12:53:07","slug":"un-nouveau-releve-horaire-de-la-situation-a-lurgence-disponible-sur-le-web","status":"publish","type":"post","link":"https:\/\/santemc.quebec\/icentre\/un-nouveau-releve-horaire-de-la-situation-a-lurgence-disponible-sur-le-web\/","title":{"rendered":"Un nouveau relev\u00e9 horaire de la situation dans les salles d&rsquo;urgence disponible sur le Web"},"content":{"rendered":"<p>Le MSSS d\u00e9pose sur le Web depuis quelques jours un document .pdf qui se g\u00e9n\u00e8re \u00e0 chaque heure et qui pr\u00e9sente la situation dans toutes les salles d&rsquo;urgence du Qu\u00e9bec.<!--more--><\/p>\n<p>On retrouve dans ce\u00a0relev\u00e9 le nombre de civi\u00e8res fonctionnelles, le nombre de patients sur civi\u00e8re, le nombre de patients sur civi\u00e8re avec une dur\u00e9e de s\u00e9jour de plus de 24 heures et de plus de 48 heures.<\/p>\n<p>Les donn\u00e9es sont issues de la Console provinciale des urgences (CPU).<\/p>\n<p>Vous pouvez le consulter en vous rendant sur la page du Portail sant\u00e9mont\u00e9r\u00e9gie : <a href=\"http:\/\/www.santemonteregie.qc.ca\/portail\/services\/salleurgence\/situation-dans-les-urgences.fr.html\" target=\"_blank\">http:\/\/www.santemonteregie.qc.ca\/portail\/services\/salleurgence\/situation-dans-les-urgences.fr.html<\/a><\/p>\n<p>&nbsp;<\/p>\n","protected":false},"excerpt":{"rendered":"<p>Le MSSS d\u00e9pose sur le Web depuis quelques jours un document .pdf qui se g\u00e9n\u00e8re \u00e0 chaque heure et qui pr\u00e9sente la situation dans toutes les salles d&rsquo;urgence du Qu\u00e9bec.<\/p>\n","protected":false},"author":1,"featured_media":0,"comment_status":"open","ping_status":"closed","sticky":false,"template":"","format":"standard","meta":{"footnotes":""},"categories":[1],"tags":[],"_links":{"self":[{"href":"https:\/\/santemc.quebec\/icentre\/wp-json\/wp\/v2\/posts\/827"}],"collection":[{"href":"https:\/\/santemc.quebec\/icentre\/wp-json\/wp\/v2\/posts"}],"about":[{"href":"https:\/\/santemc.quebec\/icentre\/wp-json\/wp\/v2\/types\/post"}],"author":[{"embeddable":true,"href":"https:\/\/santemc.quebec\/icentre\/wp-json\/wp\/v2\/users\/1"}],"replies":[{"embeddable":true,"href":"https:\/\/santemc.quebec\/icentre\/wp-json\/wp\/v2\/comments?post=827"}],"version-history":[{"count":5,"href":"https:\/\/santemc.quebec\/icentre\/wp-json\/wp\/v2\/posts\/827\/revisions"}],"predecessor-version":[{"id":835,"href":"https:\/\/santemc.quebec\/icentre\/wp-json\/wp\/v2\/posts\/827\/revisions\/835"}],"wp:attachment":[{"href":"https:\/\/santemc.quebec\/icentre\/wp-json\/wp\/v2\/media?parent=827"}],"wp:term":[{"taxonomy":"category","embeddable":true,"href":"https:\/\/santemc.quebec\/icentre\/wp-json\/wp\/v2\/categories?post=827"},{"taxonomy":"post_tag","embeddable":true,"href":"https:\/\/santemc.quebec\/icentre\/wp-json\/wp\/v2\/tags?post=827"}],"curies":[{"name":"wp","href":"https:\/\/api.w.org\/{rel}","templated":true}]}}