{"id":8278,"date":"2018-11-08T16:44:05","date_gmt":"2018-11-08T21:44:05","guid":{"rendered":"http:\/\/santemc.quebec\/icentre\/?p=8278"},"modified":"2018-11-09T10:24:19","modified_gmt":"2018-11-09T15:24:19","slug":"le-reseau-francophone-en-deficience-sensorielle-et-en-langage-dans-les-medias","status":"publish","type":"post","link":"https:\/\/santemc.quebec\/icentre\/le-reseau-francophone-en-deficience-sensorielle-et-en-langage-dans-les-medias\/","title":{"rendered":"Le R\u00e9seau francophone en d\u00e9ficience sensorielle et en langage dans les m\u00e9dias"},"content":{"rendered":"<p>Plusieurs entrevues ont \u00e9t\u00e9 r\u00e9alis\u00e9es par Canal M lors du s\u00e9jour d\u2019\u00e9tudes du R\u00e9seau francophone en d\u00e9ficience sensorielle et en langage qui se tenait du 29 octobre au 2 novembre \u00e0 l\u2019Institut Nazareth et Louis-Braille.<!--more--><\/p>\n<p>Les entrevues seront diffus\u00e9es dans le cadre de l\u2019\u00e9mission Regard sur le monde. Vous pouvez les \u00e9couter sur le Web \u00e0 l&rsquo;adresse suivante : <a href=\"http:\/\/canalm.vuesetvoiex.com\" target=\"_blank\" rel=\"noopener\">vuesetvoix.com<\/a> en direct ou en diff\u00e9r\u00e9.<\/p>\n<p><strong>Voici les dates de diffusion des \u00e9missions.<\/strong><\/p>\n<p><strong>14 novembre \u00e0 midi\u00a0: <\/strong><\/p>\n<div id=\"attachment_8279\" style=\"width: 310px\" class=\"wp-caption alignleft\"><a href=\"http:\/\/santemc.quebec\/santemc\/icentre\/wp-content\/uploads\/2018\/11\/IMG_SylvieAuclair.jpg\"><img aria-describedby=\"caption-attachment-8279\" decoding=\"async\" loading=\"lazy\" class=\"wp-image-8279 size-medium\" src=\"http:\/\/santemc.quebec\/santemc\/icentre\/wp-content\/uploads\/2018\/11\/IMG_SylvieAuclair-300x225.jpg\" alt=\"\" width=\"300\" height=\"225\" srcset=\"https:\/\/santemc.quebec\/santemc\/icentre\/wp-content\/uploads\/2018\/11\/IMG_SylvieAuclair-300x225.jpg 300w, https:\/\/santemc.quebec\/santemc\/icentre\/wp-content\/uploads\/2018\/11\/IMG_SylvieAuclair-768x576.jpg 768w, https:\/\/santemc.quebec\/santemc\/icentre\/wp-content\/uploads\/2018\/11\/IMG_SylvieAuclair-1024x768.jpg 1024w, https:\/\/santemc.quebec\/santemc\/icentre\/wp-content\/uploads\/2018\/11\/IMG_SylvieAuclair-400x300.jpg 400w\" sizes=\"(max-width: 300px) 100vw, 300px\" \/><\/a><p id=\"caption-attachment-8279\" class=\"wp-caption-text\">Sylvie Auclair, coordonnatrice des services de r\u00e9adaptation en d\u00e9ficience visuelle et services sursp\u00e9cialis\u00e9s \u00e0 l\u2019INLB en compagnie des deux coanimateurs, Michel Poulin et Diane Fellice.<\/p><\/div>\n<p>&nbsp;<\/p>\n<p>&nbsp;<\/p>\n<p>&nbsp;<\/p>\n<p>&nbsp;<\/p>\n<p>&nbsp;<\/p>\n<p>&nbsp;<\/p>\n<p>&nbsp;<\/p>\n<p>&nbsp;<\/p>\n<p>Gilles Corbeil, professionnel de l\u2019INLB, qui a fait un s\u00e9jour d\u2019\u00e9tude \u00e0 l\u2019\u00e9tranger dans le cadre du R\u00e9seau francophone.<\/p>\n<p><strong>21 novembre \u00e0 midi<\/strong><\/p>\n<div id=\"attachment_8280\" style=\"width: 310px\" class=\"wp-caption alignleft\"><a href=\"http:\/\/santemc.quebec\/santemc\/icentre\/wp-content\/uploads\/2018\/11\/IMG_1381LaurentRenier.jpg\"><img aria-describedby=\"caption-attachment-8280\" decoding=\"async\" loading=\"lazy\" class=\"wp-image-8280 size-medium\" src=\"http:\/\/santemc.quebec\/santemc\/icentre\/wp-content\/uploads\/2018\/11\/IMG_1381LaurentRenier-300x225.jpg\" alt=\"\" width=\"300\" height=\"225\" srcset=\"https:\/\/santemc.quebec\/santemc\/icentre\/wp-content\/uploads\/2018\/11\/IMG_1381LaurentRenier-300x225.jpg 300w, https:\/\/santemc.quebec\/santemc\/icentre\/wp-content\/uploads\/2018\/11\/IMG_1381LaurentRenier-768x576.jpg 768w, https:\/\/santemc.quebec\/santemc\/icentre\/wp-content\/uploads\/2018\/11\/IMG_1381LaurentRenier-1024x768.jpg 1024w, https:\/\/santemc.quebec\/santemc\/icentre\/wp-content\/uploads\/2018\/11\/IMG_1381LaurentRenier-400x300.jpg 400w\" sizes=\"(max-width: 300px) 100vw, 300px\" \/><\/a><p id=\"caption-attachment-8280\" class=\"wp-caption-text\">Laurent Renier, Bruxelles, directeur d\u2019un d\u00e9partement d\u2019un Institut destin\u00e9 aux sourds et aveugles en compagnie des deux coanimateurs, Michel Poulin et Diane Fellice.<\/p><\/div>\n<p>&nbsp;<\/p>\n<p>&nbsp;<\/p>\n<p>&nbsp;<\/p>\n<div id=\"attachment_8281\" style=\"width: 310px\" class=\"wp-caption alignleft\"><a href=\"http:\/\/santemc.quebec\/santemc\/icentre\/wp-content\/uploads\/2018\/11\/IMG_1386FrancisGuiteau.jpg\"><img aria-describedby=\"caption-attachment-8281\" decoding=\"async\" loading=\"lazy\" class=\"wp-image-8281 size-medium\" src=\"http:\/\/santemc.quebec\/santemc\/icentre\/wp-content\/uploads\/2018\/11\/IMG_1386FrancisGuiteau-300x225.jpg\" alt=\"\" width=\"300\" height=\"225\" srcset=\"https:\/\/santemc.quebec\/santemc\/icentre\/wp-content\/uploads\/2018\/11\/IMG_1386FrancisGuiteau-300x225.jpg 300w, https:\/\/santemc.quebec\/santemc\/icentre\/wp-content\/uploads\/2018\/11\/IMG_1386FrancisGuiteau-768x576.jpg 768w, https:\/\/santemc.quebec\/santemc\/icentre\/wp-content\/uploads\/2018\/11\/IMG_1386FrancisGuiteau-1024x768.jpg 1024w, https:\/\/santemc.quebec\/santemc\/icentre\/wp-content\/uploads\/2018\/11\/IMG_1386FrancisGuiteau-400x300.jpg 400w\" sizes=\"(max-width: 300px) 100vw, 300px\" \/><\/a><p id=\"caption-attachment-8281\" class=\"wp-caption-text\">Francis Guiteau, France, pr\u00e9sident du R\u00e9seau en compagnie des deux coanimateurs, Michel Poulin et Diane Fellice.<\/p><\/div>\n<p>&nbsp;<\/p>\n<p>&nbsp;<\/p>\n<p>&nbsp;<\/p>\n<p>&nbsp;<\/p>\n<p>&nbsp;<\/p>\n<p>&nbsp;<\/p>\n<p>&nbsp;<\/p>\n<p>&nbsp;<\/p>\n<p>&nbsp;<\/p>\n<p>&nbsp;<\/p>\n<p>&nbsp;<\/p>\n<p>&nbsp;<\/p>\n<p>&nbsp;<\/p>\n<p><strong>28 novembre \u00e0 midi<\/strong><\/p>\n<p>Entrevue avec deux coordonnateurs du R\u00e9seau\u00a0:<\/p>\n<div id=\"attachment_8282\" style=\"width: 310px\" class=\"wp-caption alignleft\"><a href=\"http:\/\/santemc.quebec\/santemc\/icentre\/wp-content\/uploads\/2018\/11\/IMG_1394PascalClausonetPatrickSicot.jpg\"><img aria-describedby=\"caption-attachment-8282\" decoding=\"async\" loading=\"lazy\" class=\"wp-image-8282 size-medium\" src=\"http:\/\/santemc.quebec\/santemc\/icentre\/wp-content\/uploads\/2018\/11\/IMG_1394PascalClausonetPatrickSicot-300x225.jpg\" alt=\"\" width=\"300\" height=\"225\" srcset=\"https:\/\/santemc.quebec\/santemc\/icentre\/wp-content\/uploads\/2018\/11\/IMG_1394PascalClausonetPatrickSicot-300x225.jpg 300w, https:\/\/santemc.quebec\/santemc\/icentre\/wp-content\/uploads\/2018\/11\/IMG_1394PascalClausonetPatrickSicot-768x576.jpg 768w, https:\/\/santemc.quebec\/santemc\/icentre\/wp-content\/uploads\/2018\/11\/IMG_1394PascalClausonetPatrickSicot-1024x768.jpg 1024w, https:\/\/santemc.quebec\/santemc\/icentre\/wp-content\/uploads\/2018\/11\/IMG_1394PascalClausonetPatrickSicot-400x300.jpg 400w\" sizes=\"(max-width: 300px) 100vw, 300px\" \/><\/a><p id=\"caption-attachment-8282\" class=\"wp-caption-text\">Les coanimateurs avec Pascal Clauson de la France et Patrick Sicot de la Martinique<\/p><\/div>\n<p>&nbsp;<\/p>\n<p>&nbsp;<\/p>\n<p>&nbsp;<\/p>\n<p>&nbsp;<\/p>\n<div id=\"attachment_8283\" style=\"width: 310px\" class=\"wp-caption alignleft\"><a href=\"http:\/\/santemc.quebec\/santemc\/icentre\/wp-content\/uploads\/2018\/11\/IMG_France-LyneFanon1389.jpg\"><img aria-describedby=\"caption-attachment-8283\" decoding=\"async\" loading=\"lazy\" class=\"wp-image-8283 size-medium\" src=\"http:\/\/santemc.quebec\/santemc\/icentre\/wp-content\/uploads\/2018\/11\/IMG_France-LyneFanon1389-300x225.jpg\" alt=\"\" width=\"300\" height=\"225\" srcset=\"https:\/\/santemc.quebec\/santemc\/icentre\/wp-content\/uploads\/2018\/11\/IMG_France-LyneFanon1389-300x225.jpg 300w, https:\/\/santemc.quebec\/santemc\/icentre\/wp-content\/uploads\/2018\/11\/IMG_France-LyneFanon1389-768x576.jpg 768w, https:\/\/santemc.quebec\/santemc\/icentre\/wp-content\/uploads\/2018\/11\/IMG_France-LyneFanon1389-1024x768.jpg 1024w, https:\/\/santemc.quebec\/santemc\/icentre\/wp-content\/uploads\/2018\/11\/IMG_France-LyneFanon1389-400x300.jpg 400w\" sizes=\"(max-width: 300px) 100vw, 300px\" \/><\/a><p id=\"caption-attachment-8283\" class=\"wp-caption-text\">France-Lyne Fanon, Martinique, avec les deux coanimateurs de l&rsquo;\u00e9mission.<\/p><\/div>\n<p style=\"text-align: right;\"><a href=\"http:\/\/santemc.quebec\/santemc\/icentre\/wp-content\/uploads\/2018\/11\/IMG_France-LyneFanon1389.jpg\">\u00a0<\/a><\/p>\n","protected":false},"excerpt":{"rendered":"<p>Plusieurs entrevues ont \u00e9t\u00e9 r\u00e9alis\u00e9es par Canal M lors du s\u00e9jour d\u2019\u00e9tudes du R\u00e9seau francophone en d\u00e9ficience sensorielle et en langage qui se tenait du 29 octobre au 2 novembre \u00e0 l\u2019Institut Nazareth et Louis-Braille.<\/p>\n","protected":false},"author":9,"featured_media":0,"comment_status":"open","ping_status":"closed","sticky":false,"template":"","format":"standard","meta":{"footnotes":""},"categories":[1],"tags":[],"_links":{"self":[{"href":"https:\/\/santemc.quebec\/icentre\/wp-json\/wp\/v2\/posts\/8278"}],"collection":[{"href":"https:\/\/santemc.quebec\/icentre\/wp-json\/wp\/v2\/posts"}],"about":[{"href":"https:\/\/santemc.quebec\/icentre\/wp-json\/wp\/v2\/types\/post"}],"author":[{"embeddable":true,"href":"https:\/\/santemc.quebec\/icentre\/wp-json\/wp\/v2\/users\/9"}],"replies":[{"embeddable":true,"href":"https:\/\/santemc.quebec\/icentre\/wp-json\/wp\/v2\/comments?post=8278"}],"version-history":[{"count":3,"href":"https:\/\/santemc.quebec\/icentre\/wp-json\/wp\/v2\/posts\/8278\/revisions"}],"predecessor-version":[{"id":8324,"href":"https:\/\/santemc.quebec\/icentre\/wp-json\/wp\/v2\/posts\/8278\/revisions\/8324"}],"wp:attachment":[{"href":"https:\/\/santemc.quebec\/icentre\/wp-json\/wp\/v2\/media?parent=8278"}],"wp:term":[{"taxonomy":"category","embeddable":true,"href":"https:\/\/santemc.quebec\/icentre\/wp-json\/wp\/v2\/categories?post=8278"},{"taxonomy":"post_tag","embeddable":true,"href":"https:\/\/santemc.quebec\/icentre\/wp-json\/wp\/v2\/tags?post=8278"}],"curies":[{"name":"wp","href":"https:\/\/api.w.org\/{rel}","templated":true}]}}