{"id":8298,"date":"2018-11-09T09:27:12","date_gmt":"2018-11-09T14:27:12","guid":{"rendered":"http:\/\/santemc.quebec\/icentre\/?p=8298"},"modified":"2018-11-09T15:23:50","modified_gmt":"2018-11-09T20:23:50","slug":"la-nouvelle-unite-de-court-sejour-de-lhopital-charles-le-moyne-un-projet-novateur","status":"publish","type":"post","link":"https:\/\/santemc.quebec\/icentre\/la-nouvelle-unite-de-court-sejour-de-lhopital-charles-le-moyne-un-projet-novateur\/","title":{"rendered":"La nouvelle unit\u00e9 de court s\u00e9jour de l\u2019H\u00f4pital Charles-Le Moyne : un projet novateur"},"content":{"rendered":"<p>Le 18 octobre dernier, la nouvelle unit\u00e9 de court s\u00e9jour (UCS) de l\u2019H\u00f4pital Charles-Le Moyne a ouvert ses portes aux employ\u00e9s en grande primeur!<\/p>\n<p><!--more--><\/p>\n<p>Lors de ces portes ouvertes, les employ\u00e9s de l\u2019H\u00f4pital Charles-Le Moyne ont pu se familiariser avec les fonctionnalit\u00e9s de cette unit\u00e9 moderne, con\u00e7ue selon les normes et les meilleures pratiques du milieu hospitalier.<\/p>\n<p>L\u2019expertise d\u2019employ\u00e9s \u0153uvrant dans diverses directions a \u00e9t\u00e9 mise \u00e0 profit dans l\u2019\u00e9laboration de ce projet qui s\u2019est \u00e9chelonn\u00e9 sur un peu moins de 18 mois. Les visiteurs ont pu s\u2019arr\u00eater \u00e0 diff\u00e9rentes stations anim\u00e9es par quelques membres de l\u2019\u00e9quipe projet qui ont particip\u00e9 \u00e0 la conception et \u00e0 la mise sur pied de cette unit\u00e9 modulaire.<\/p>\n<p>L\u2019UCS accueille depuis hier, le 8 novembre, des patients dont l\u2019\u00e9tat de sant\u00e9 n\u00e9cessite une prise en charge rapide et une investigation approfondie. Les patients seront soign\u00e9s par une \u00e9quipe de m\u00e9decins sp\u00e9cialistes et de professionnels de la sant\u00e9. Pour y \u00eatre admis, la dur\u00e9e d\u2019hospitalisation pr\u00e9vue doit \u00eatre inf\u00e9rieure \u00e0 72 heures. La majorit\u00e9 des patients qui y seront hospitalis\u00e9s retourneront \u00e0 la maison \u00e0 la fin de leur s\u00e9jour. Les autres pourront \u00eatre transf\u00e9r\u00e9s dans une unit\u00e9 r\u00e9guli\u00e8re, si leur \u00e9tat de sant\u00e9 requiert une prolongation de leur hospitalisation.<\/p>\n<p>L\u2019unit\u00e9 de court s\u00e9jour est \u00e0 ne pas confondre avec l\u2019unit\u00e9 d\u2019hospitalisation br\u00e8ve, qui est g\u00e9r\u00e9e pour sa part par le coordonnateur m\u00e9dical de l\u2019urgence et qui accueille des patients dont l\u2019\u00e9tat de sant\u00e9 n\u00e9cessite une investigation et\/ou un traitement rapide (24 h-48 h).<\/p>\n<p>Gr\u00e2ce \u00e0 un acc\u00e8s aux soins et services coordonn\u00e9 de fa\u00e7on optimale entre l\u2019ensemble des professionnels et les diff\u00e9rents plateaux techniques tels la radiologie, le laboratoire de cardiologie, l\u2019endoscopie, etc. , la mise en place d\u2019une UCS permettra d\u2019acc\u00e9l\u00e9rer l\u2019\u00e9mission d\u2019un diagnostic, le choix d\u2019un traitement appropri\u00e9 et son suivi, pour les patients dont l\u2019\u00e9tat de sant\u00e9 n\u00e9cessite une investigation approfondie.<\/p>\n<p>F\u00e9licitations \u00e0 tous ceux et celles qui ont particip\u00e9 \u00e0 ce projet novateur!<\/p>\n<div id=\"attachment_8341\" style=\"width: 650px\" class=\"wp-caption aligncenter\"><a href=\"http:\/\/santemc.quebec\/santemc\/icentre\/wp-content\/uploads\/2018\/11\/photo_UCS.jpg\"><img aria-describedby=\"caption-attachment-8341\" decoding=\"async\" loading=\"lazy\" class=\"wp-image-8341 size-full\" src=\"http:\/\/santemc.quebec\/santemc\/icentre\/wp-content\/uploads\/2018\/11\/photo_UCS.jpg\" alt=\"\" width=\"640\" height=\"480\" srcset=\"https:\/\/santemc.quebec\/santemc\/icentre\/wp-content\/uploads\/2018\/11\/photo_UCS.jpg 640w, https:\/\/santemc.quebec\/santemc\/icentre\/wp-content\/uploads\/2018\/11\/photo_UCS-300x225.jpg 300w, https:\/\/santemc.quebec\/santemc\/icentre\/wp-content\/uploads\/2018\/11\/photo_UCS-400x300.jpg 400w\" sizes=\"(max-width: 640px) 100vw, 640px\" \/><\/a><p id=\"caption-attachment-8341\" class=\"wp-caption-text\">De gauche \u00e0 droite, quelques-uns des membres de l\u2019\u00e9quipe projet :<br \/>Julie Faucher, coordonnatrice du bureau de projets organisationnels, Direction g\u00e9n\u00e9rale;<br \/>Olivier Guillet, chef de service logistique &#8211; transport de biens\/d\u00e9m\u00e9nagement (au moment de la prise de la photo);<br \/>Dre Chantal Vall\u00e9e, chef du d\u00e9partement de m\u00e9decine sp\u00e9cialis\u00e9e;<br \/>Marie-Jos\u00e9e Ouellet, technicienne en logistique &#8211; transport de biens\/d\u00e9m\u00e9nagement;<br \/>Val\u00e9rie Baron, technicienne m\u00e9canique b\u00e2timent, Service de pr\u00e9vention et contr\u00f4le des infections;<br \/>Jean-S\u00e9bastien Morency, chef de secteur d\u2019hygi\u00e8ne et salubrit\u00e9 \u2013 HCLM (jour) et formation qualit\u00e9;<br \/>Lise Pouliot, pr\u00e9sidente-directrice g\u00e9n\u00e9rale adjointe du CISSSMC;<br \/>V\u00e9ronique Dor\u00e9, chef d\u2019unit\u00e9 de court s\u00e9jour;<br \/>Genevi\u00e8ve Benoit, infirmi\u00e8re clinicienne, unit\u00e9 de court s\u00e9jour;<br \/>Martin Brisson, chef magasin.<\/p><\/div>\n","protected":false},"excerpt":{"rendered":"<p>Le 18 octobre dernier, la nouvelle unit\u00e9 de court s\u00e9jour (UCS) de l\u2019H\u00f4pital Charles-Le Moyne a ouvert ses portes aux employ\u00e9s en grande primeur!<\/p>\n","protected":false},"author":9,"featured_media":0,"comment_status":"open","ping_status":"closed","sticky":false,"template":"","format":"standard","meta":{"footnotes":""},"categories":[1],"tags":[],"_links":{"self":[{"href":"https:\/\/santemc.quebec\/icentre\/wp-json\/wp\/v2\/posts\/8298"}],"collection":[{"href":"https:\/\/santemc.quebec\/icentre\/wp-json\/wp\/v2\/posts"}],"about":[{"href":"https:\/\/santemc.quebec\/icentre\/wp-json\/wp\/v2\/types\/post"}],"author":[{"embeddable":true,"href":"https:\/\/santemc.quebec\/icentre\/wp-json\/wp\/v2\/users\/9"}],"replies":[{"embeddable":true,"href":"https:\/\/santemc.quebec\/icentre\/wp-json\/wp\/v2\/comments?post=8298"}],"version-history":[{"count":4,"href":"https:\/\/santemc.quebec\/icentre\/wp-json\/wp\/v2\/posts\/8298\/revisions"}],"predecessor-version":[{"id":8344,"href":"https:\/\/santemc.quebec\/icentre\/wp-json\/wp\/v2\/posts\/8298\/revisions\/8344"}],"wp:attachment":[{"href":"https:\/\/santemc.quebec\/icentre\/wp-json\/wp\/v2\/media?parent=8298"}],"wp:term":[{"taxonomy":"category","embeddable":true,"href":"https:\/\/santemc.quebec\/icentre\/wp-json\/wp\/v2\/categories?post=8298"},{"taxonomy":"post_tag","embeddable":true,"href":"https:\/\/santemc.quebec\/icentre\/wp-json\/wp\/v2\/tags?post=8298"}],"curies":[{"name":"wp","href":"https:\/\/api.w.org\/{rel}","templated":true}]}}