{"id":8300,"date":"2018-11-09T09:44:03","date_gmt":"2018-11-09T14:44:03","guid":{"rendered":"http:\/\/santemc.quebec\/icentre\/?p=8300"},"modified":"2018-11-09T10:07:55","modified_gmt":"2018-11-09T15:07:55","slug":"info-travaux-no-2-3-juillet-2017-copy-copy-copy-copy-copy","status":"publish","type":"post","link":"https:\/\/santemc.quebec\/icentre\/info-travaux-no-2-3-juillet-2017-copy-copy-copy-copy-copy\/","title":{"rendered":"Info-travaux no 7 : 9 novembre 2018"},"content":{"rendered":"<p><img decoding=\"async\" loading=\"lazy\" class=\"alignright wp-image-5085 size-full\" src=\"http:\/\/santemc.quebec\/santemc\/icentre\/wp-content\/uploads\/2017\/07\/banni\u00e8reInfotravaux.png\" alt=\"\" width=\"848\" height=\"258\" srcset=\"https:\/\/santemc.quebec\/santemc\/icentre\/wp-content\/uploads\/2017\/07\/banni\u00e8reInfotravaux.png 848w, https:\/\/santemc.quebec\/santemc\/icentre\/wp-content\/uploads\/2017\/07\/banni\u00e8reInfotravaux-300x91.png 300w, https:\/\/santemc.quebec\/santemc\/icentre\/wp-content\/uploads\/2017\/07\/banni\u00e8reInfotravaux-768x234.png 768w, https:\/\/santemc.quebec\/santemc\/icentre\/wp-content\/uploads\/2017\/07\/banni\u00e8reInfotravaux-500x152.png 500w\" sizes=\"(max-width: 848px) 100vw, 848px\" \/><\/p>\n<p><strong>Dans ce num\u00e9ro<\/strong> :<\/p>\n<ul>\n<li>Am\u00e9nagement d&rsquo;une unit\u00e9 de soins transitoire \u00e0 l&rsquo;H\u00f4pital Charles-Le Moyne<\/li>\n<\/ul>\n<p><!--more--><\/p>\n<p><strong>Am\u00e9nagement d&rsquo;une unit\u00e9 de soins transitoire \u25cf H\u00f4pital Charles-Le Moyne<br \/>\n<\/strong><strong><span style=\"color: #29b3c8;\">+ 25 lits d&rsquo;hospitalisation<\/span><\/strong><\/p>\n<p><strong>Les travaux de construction d\u2019une unit\u00e9 de court s\u00e9jour de 25 lits \u00e0 l\u2019H\u00f4pital Charles-Le Moyne sont termin\u00e9s<\/strong>. Cette unit\u00e9 modulaire accueille une client\u00e8le avec un profil de court s\u00e9jour en m\u00e9decine sp\u00e9cialis\u00e9e depuis <strong>le 8 novembre<\/strong>.<\/p>\n<div id=\"attachment_8305\" style=\"width: 310px\" class=\"wp-caption alignright\"><a href=\"http:\/\/santemc.quebec\/santemc\/icentre\/wp-content\/uploads\/2018\/11\/organisation_espaces.jpg\"><img aria-describedby=\"caption-attachment-8305\" decoding=\"async\" loading=\"lazy\" class=\"size-medium wp-image-8305\" src=\"http:\/\/santemc.quebec\/santemc\/icentre\/wp-content\/uploads\/2018\/11\/organisation_espaces-300x254.jpg\" alt=\"\" width=\"300\" height=\"254\" srcset=\"https:\/\/santemc.quebec\/santemc\/icentre\/wp-content\/uploads\/2018\/11\/organisation_espaces-300x254.jpg 300w, https:\/\/santemc.quebec\/santemc\/icentre\/wp-content\/uploads\/2018\/11\/organisation_espaces-354x300.jpg 354w, https:\/\/santemc.quebec\/santemc\/icentre\/wp-content\/uploads\/2018\/11\/organisation_espaces.jpg 367w\" sizes=\"(max-width: 300px) 100vw, 300px\" \/><\/a><p id=\"caption-attachment-8305\" class=\"wp-caption-text\">L&rsquo;organisation des espaces a \u00e9t\u00e9 con\u00e7ue pour limiter les encombrements et faciliter les d\u00e9placements.<\/p><\/div>\n<p>Cette unit\u00e9 temporaire permettra de combler rapidement un besoin de lits d\u2019hospitalisation suppl\u00e9mentaires pour la client\u00e8le de notre territoire en attendant la r\u00e9alisation de l\u2019unit\u00e9 de soins permanente pr\u00e9vue au 6e \u00e9tage de l\u2019H\u00f4pital Charles-Le Moyne.<\/p>\n<p>Bien que le b\u00e2timent modulaire qui accueille l&rsquo;unit\u00e9 de court s\u00e9jour soit une construction temporaire, celui-ci a \u00e9t\u00e9 \u00e9rig\u00e9 pour plusieurs ann\u00e9es et il offre un environnement s\u00e9curitaire, chaleureux et performant.<\/p>\n<div id=\"attachment_8306\" style=\"width: 236px\" class=\"wp-caption alignleft\"><a href=\"http:\/\/santemc.quebec\/santemc\/icentre\/wp-content\/uploads\/2018\/11\/lit_bariatrique.jpg\"><img aria-describedby=\"caption-attachment-8306\" decoding=\"async\" loading=\"lazy\" class=\"size-medium wp-image-8306\" src=\"http:\/\/santemc.quebec\/santemc\/icentre\/wp-content\/uploads\/2018\/11\/lit_bariatrique-226x300.jpg\" alt=\"\" width=\"226\" height=\"300\" srcset=\"https:\/\/santemc.quebec\/santemc\/icentre\/wp-content\/uploads\/2018\/11\/lit_bariatrique-226x300.jpg 226w, https:\/\/santemc.quebec\/santemc\/icentre\/wp-content\/uploads\/2018\/11\/lit_bariatrique.jpg 304w\" sizes=\"(max-width: 226px) 100vw, 226px\" \/><\/a><p id=\"caption-attachment-8306\" class=\"wp-caption-text\">Chambre avec lit bariatrique :<br \/>Une chambre a \u00e9t\u00e9 munie d&rsquo;\u00e9quipements et de mobiliers adapt\u00e9s aux personnes souffrant d&rsquo;ob\u00e9sit\u00e9 morbide.<\/p><\/div>\n<p>L&rsquo;unit\u00e9 offre le nouveau syst\u00e8me de divertissement au chevet (t\u00e9l\u00e9\/Web), pr\u00e9vu dans tout l&rsquo;h\u00f4pital.<\/p>\n<div id=\"attachment_8307\" style=\"width: 242px\" class=\"wp-caption alignright\"><a href=\"http:\/\/santemc.quebec\/santemc\/icentre\/wp-content\/uploads\/2018\/11\/salle_conference.jpg\"><img aria-describedby=\"caption-attachment-8307\" decoding=\"async\" loading=\"lazy\" class=\" wp-image-8307\" src=\"http:\/\/santemc.quebec\/santemc\/icentre\/wp-content\/uploads\/2018\/11\/salle_conference-300x225.jpg\" alt=\"\" width=\"232\" height=\"176\" \/><\/a><p id=\"caption-attachment-8307\" class=\"wp-caption-text\">Salle de conf\u00e9rence<\/p><\/div>\n<div id=\"attachment_8309\" style=\"width: 310px\" class=\"wp-caption alignright\"><a href=\"http:\/\/santemc.quebec\/santemc\/icentre\/wp-content\/uploads\/2018\/11\/chambre_double.jpg\"><img aria-describedby=\"caption-attachment-8309\" decoding=\"async\" loading=\"lazy\" class=\"size-medium wp-image-8309\" src=\"http:\/\/santemc.quebec\/santemc\/icentre\/wp-content\/uploads\/2018\/11\/chambre_double-300x225.jpg\" alt=\"\" width=\"300\" height=\"225\" srcset=\"https:\/\/santemc.quebec\/santemc\/icentre\/wp-content\/uploads\/2018\/11\/chambre_double-300x225.jpg 300w, https:\/\/santemc.quebec\/santemc\/icentre\/wp-content\/uploads\/2018\/11\/chambre_double.jpg 348w\" sizes=\"(max-width: 300px) 100vw, 300px\" \/><\/a><p id=\"caption-attachment-8309\" class=\"wp-caption-text\">Chambre double pour les patients de l\u2019unit\u00e9 de court s\u00e9jour<\/p><\/div>\n<p>&nbsp;<\/p>\n<p>&nbsp;<\/p>\n<p>&nbsp;<\/p>\n<p>&nbsp;<\/p>\n<p>&nbsp;<\/p>\n<p>&nbsp;<\/p>\n<p>&nbsp;<\/p>\n<p>&nbsp;<\/p>\n<p><a href=\"http:\/\/santemc.quebec\/santemc\/icentre\/wp-content\/uploads\/2018\/11\/Info-travaux_no_7_9nov2018.pdf\" target=\"_blank\" rel=\"noopener\">Version PDF pour impression<\/a><\/p>\n<p><strong>Surveillez\u00a0Info-travaux pour tout savoir sur les chantiers en cours \u00e0 l\u2019H\u00f4pital Charles-Le Moyne!<\/strong><\/p>\n<p><strong>L\u2019\u00e9quipe du bureau de projets organisationnels (BPO)<br \/>\n<\/strong>Fr\u00e9d\u00e9ric Ren\u00e9, gestionnaire de projets organisationnels<br \/>\nJulie Faucher, charg\u00e9e de projet \u2013 volet clinique, RLS de Champlain<br \/>\nAndr\u00e9e Legault, charg\u00e9e de projet \u2013 volet clinique, RLS du HRR<br \/>\nLise Pouliot, pr\u00e9sidente-directrice g\u00e9n\u00e9rale adjointe<\/p>\n","protected":false},"excerpt":{"rendered":"<p>Dans ce num\u00e9ro : Am\u00e9nagement d&rsquo;une unit\u00e9 de soins transitoire \u00e0 l&rsquo;H\u00f4pital Charles-Le Moyne<\/p>\n","protected":false},"author":9,"featured_media":0,"comment_status":"open","ping_status":"closed","sticky":false,"template":"","format":"standard","meta":{"footnotes":""},"categories":[1],"tags":[94],"_links":{"self":[{"href":"https:\/\/santemc.quebec\/icentre\/wp-json\/wp\/v2\/posts\/8300"}],"collection":[{"href":"https:\/\/santemc.quebec\/icentre\/wp-json\/wp\/v2\/posts"}],"about":[{"href":"https:\/\/santemc.quebec\/icentre\/wp-json\/wp\/v2\/types\/post"}],"author":[{"embeddable":true,"href":"https:\/\/santemc.quebec\/icentre\/wp-json\/wp\/v2\/users\/9"}],"replies":[{"embeddable":true,"href":"https:\/\/santemc.quebec\/icentre\/wp-json\/wp\/v2\/comments?post=8300"}],"version-history":[{"count":11,"href":"https:\/\/santemc.quebec\/icentre\/wp-json\/wp\/v2\/posts\/8300\/revisions"}],"predecessor-version":[{"id":8320,"href":"https:\/\/santemc.quebec\/icentre\/wp-json\/wp\/v2\/posts\/8300\/revisions\/8320"}],"wp:attachment":[{"href":"https:\/\/santemc.quebec\/icentre\/wp-json\/wp\/v2\/media?parent=8300"}],"wp:term":[{"taxonomy":"category","embeddable":true,"href":"https:\/\/santemc.quebec\/icentre\/wp-json\/wp\/v2\/categories?post=8300"},{"taxonomy":"post_tag","embeddable":true,"href":"https:\/\/santemc.quebec\/icentre\/wp-json\/wp\/v2\/tags?post=8300"}],"curies":[{"name":"wp","href":"https:\/\/api.w.org\/{rel}","templated":true}]}}