{"id":844,"date":"2015-10-01T11:20:06","date_gmt":"2015-10-01T15:20:06","guid":{"rendered":"http:\/\/santemc.quebec\/icentre\/?p=844"},"modified":"2015-10-02T10:12:42","modified_gmt":"2015-10-02T14:12:42","slug":"nomination-des-membres-du-c-a-du-cisss-de-la-monteregie-centre","status":"publish","type":"post","link":"https:\/\/santemc.quebec\/icentre\/nomination-des-membres-du-c-a-du-cisss-de-la-monteregie-centre\/","title":{"rendered":"Mot du PDG : Nomination des membres du C.A. du CISSS de la Mont\u00e9r\u00e9gie-Centre"},"content":{"rendered":"<p><a href=\"http:\/\/santemc.quebec\/santemc\/icentre\/wp-content\/uploads\/2015\/03\/Richard-Deschamps-2012-001-e1430408854308.jpg\"><img decoding=\"async\" loading=\"lazy\" class=\"alignleft wp-image-107 size-thumbnail\" src=\"http:\/\/santemc.quebec\/santemc\/icentre\/wp-content\/uploads\/2015\/03\/Richard-Deschamps-2012-001-150x150.jpg\" alt=\"Richard Deschamps 2012 001\" width=\"150\" height=\"150\" \/><\/a>Il me fait plaisir de vous transmettre la liste des membres de notre nouveau conseil d\u2019administration tel qu\u2019annonc\u00e9 aujourd\u2019hui par\u00a0le ministre de la Sant\u00e9 et des Services sociaux, monsieur Ga\u00e9tan Barrette, ainsi que la ministre d\u00e9l\u00e9gu\u00e9e \u00e0 la R\u00e9adaptation, \u00e0 la Protection de la jeunesse et \u00e0 la Sant\u00e9 publique, madame Lucie Charlebois. En franchissant cette derni\u00e8re \u00e9tape, le processus de nomination des membres du conseil d\u2019administration tire donc \u00e0 sa fin. Je profite de cette occasion pour f\u00e9liciter toutes les personnes d\u00e9sign\u00e9es ou nomm\u00e9es et je nous souhaite une collaboration longue et fructueuse.<!--more--><\/p>\n<p>La premi\u00e8re assembl\u00e9e publique du conseil d\u2019administration devrait avoir lieu dans les prochaines semaines, nous vous tiendrons inform\u00e9s du calendrier.<\/p>\n<p>En terminant, je vous invite \u00e0 consulter le <a href=\"http:\/\/www.msss.gouv.qc.ca\/documentation\/salle-de-presse\/ficheCommunique.php?id=1012\" target=\"_blank\">communiqu\u00e9 du MSSS<\/a> \u00e0 cet effet.<\/p>\n<div id=\"conteneur\">\n<div id=\"conteneur_page\">\n<div id=\"contenu_milieu\">\n<div id=\"zone_contenu\">\n<p><strong>Membres d\u00e9sign\u00e9s<\/strong><\/p>\n<ul>\n<li>D<sup>r<\/sup> Jean Desormeau \u2013 D\u00e9partement r\u00e9gional de m\u00e9decine g\u00e9n\u00e9rale (DRMG)<\/li>\n<li>D<sup>r<\/sup> Pierre Guay \u2013 Conseils des m\u00e9decins, dentistes et pharmaciens (CMDP)<\/li>\n<li>M<sup>me<\/sup> Jos\u00e9e Conesa \u2013 Comit\u00e9 r\u00e9gional sur les services pharmaceutiques (CRSP)<\/li>\n<li>M<sup>me<\/sup> Chantal Charette \u2013 Conseil des infirmi\u00e8res et infirmiers (CII)<\/li>\n<li>Xavier Vandeputte \u2013 Conseil multidisciplinaire (CMULTI)<\/li>\n<li>Jean Mercier \u2013 Comit\u00e9 des usagers (CU)<\/li>\n<\/ul>\n<p><strong>Membres nomm\u00e9s<\/strong><\/p>\n<ul>\n<li>Richard Deschamps \u2013 PDG du CISSS<\/li>\n<li>Pierre Cossette \u2013 Milieu de l\u2019enseignement<\/li>\n<\/ul>\n<p><strong>Membres ind\u00e9pendants<\/strong><\/p>\n<ul>\n<li>Pierre Boucher \u2013 Pr\u00e9sident \u2013 Comp\u00e9tence en gouvernance ou \u00e9thique<\/li>\n<li>Alain Deslauriers \u2013 Comp\u00e9tence en gestion des risques, finance et comptabilit\u00e9<\/li>\n<li>M<sup>me<\/sup> Joanne M. Roch \u2013 Comp\u00e9tence en ressources immobili\u00e8res, informationnelles ou humaines<\/li>\n<li>Collin J. Coole \u2013 Comp\u00e9tence en v\u00e9rification, performance ou gestion de la qualit\u00e9<\/li>\n<li>Michel Wong Kee Song \u2013 Expertise dans les organismes communautaires<\/li>\n<li>Jean-Pierre Hotte \u2013 Expertise en protection de la jeunesse<\/li>\n<li>M<sup>me<\/sup> Fran\u00e7oise Rollin \u2013 Expertise en r\u00e9adaptation<\/li>\n<li>M<sup>me<\/sup> Jacqueline Codsi \u2013 Expertise en sant\u00e9 mentale<\/li>\n<li>M<sup>me<\/sup> Nicole Mongeon \u2013 Exp\u00e9rience v\u00e9cue \u00e0 titre d\u2019usager des services sociaux<\/li>\n<\/ul>\n<p>&nbsp;<\/p>\n<\/div>\n<\/div>\n<\/div>\n<\/div>\n","protected":false},"excerpt":{"rendered":"<p>Il me fait plaisir de vous transmettre la liste des membres de notre nouveau conseil d\u2019administration tel qu\u2019annonc\u00e9 aujourd\u2019hui par\u00a0le ministre de la Sant\u00e9 et des Services sociaux, monsieur Ga\u00e9tan Barrette, ainsi que la ministre d\u00e9l\u00e9gu\u00e9e \u00e0 la R\u00e9adaptation, \u00e0 &hellip; <a href=\"https:\/\/santemc.quebec\/icentre\/nomination-des-membres-du-c-a-du-cisss-de-la-monteregie-centre\/\">Continuer la lecture <span class=\"meta-nav\">&rarr;<\/span><\/a><\/p>\n","protected":false},"author":1,"featured_media":0,"comment_status":"open","ping_status":"closed","sticky":false,"template":"","format":"standard","meta":{"footnotes":""},"categories":[9],"tags":[45],"_links":{"self":[{"href":"https:\/\/santemc.quebec\/icentre\/wp-json\/wp\/v2\/posts\/844"}],"collection":[{"href":"https:\/\/santemc.quebec\/icentre\/wp-json\/wp\/v2\/posts"}],"about":[{"href":"https:\/\/santemc.quebec\/icentre\/wp-json\/wp\/v2\/types\/post"}],"author":[{"embeddable":true,"href":"https:\/\/santemc.quebec\/icentre\/wp-json\/wp\/v2\/users\/1"}],"replies":[{"embeddable":true,"href":"https:\/\/santemc.quebec\/icentre\/wp-json\/wp\/v2\/comments?post=844"}],"version-history":[{"count":8,"href":"https:\/\/santemc.quebec\/icentre\/wp-json\/wp\/v2\/posts\/844\/revisions"}],"predecessor-version":[{"id":852,"href":"https:\/\/santemc.quebec\/icentre\/wp-json\/wp\/v2\/posts\/844\/revisions\/852"}],"wp:attachment":[{"href":"https:\/\/santemc.quebec\/icentre\/wp-json\/wp\/v2\/media?parent=844"}],"wp:term":[{"taxonomy":"category","embeddable":true,"href":"https:\/\/santemc.quebec\/icentre\/wp-json\/wp\/v2\/categories?post=844"},{"taxonomy":"post_tag","embeddable":true,"href":"https:\/\/santemc.quebec\/icentre\/wp-json\/wp\/v2\/tags?post=844"}],"curies":[{"name":"wp","href":"https:\/\/api.w.org\/{rel}","templated":true}]}}