{"id":8475,"date":"2018-11-15T13:47:24","date_gmt":"2018-11-15T18:47:24","guid":{"rendered":"http:\/\/santemc.quebec\/icentre\/?p=8475"},"modified":"2018-11-15T16:22:13","modified_gmt":"2018-11-15T21:22:13","slug":"detectons-tot-les-troubles-anxieux","status":"publish","type":"post","link":"https:\/\/santemc.quebec\/icentre\/detectons-tot-les-troubles-anxieux\/","title":{"rendered":"D\u00e9tectons t\u00f4t les troubles anxieux"},"content":{"rendered":"<p><a href=\"http:\/\/santemc.quebec\/santemc\/icentre\/wp-content\/uploads\/2018\/11\/2018_TroublesAnxieux_bandeau-web_FR_495X165.jpg\"><img decoding=\"async\" loading=\"lazy\" class=\"alignleft wp-image-8533 size-medium\" src=\"http:\/\/santemc.quebec\/santemc\/icentre\/wp-content\/uploads\/2018\/11\/2018_TroublesAnxieux_bandeau-web_FR_495X165-300x100.jpg\" alt=\"\" width=\"300\" height=\"100\" srcset=\"https:\/\/santemc.quebec\/santemc\/icentre\/wp-content\/uploads\/2018\/11\/2018_TroublesAnxieux_bandeau-web_FR_495X165-300x100.jpg 300w, https:\/\/santemc.quebec\/santemc\/icentre\/wp-content\/uploads\/2018\/11\/2018_TroublesAnxieux_bandeau-web_FR_495X165.jpg 495w\" sizes=\"(max-width: 300px) 100vw, 300px\" \/><\/a><\/p>\n<p>Saviez-vous qu\u2019au Qu\u00e9bec, pr\u00e8s de 20 % de la population souffrira d\u2019une maladie mentale au cours de sa vie? Pourtant, moins de la moiti\u00e9 des personnes qui en souffrent consultent un professionnel.<\/p>\n<p><!--more--><\/p>\n<p>Chaque ann\u00e9e, le minist\u00e8re de la Sant\u00e9 et des Services sociaux (MSSS) organise une campagne nationale d\u2019information et de sensibilisation sur la sant\u00e9 mentale. Pour cette \u00e9dition, les troubles anxieux sont mis en lumi\u00e8re. Il est possible de voir une\u00a0<a href=\"https:\/\/www.youtube.com\/watch?v=YW5fkeQ8n5s\" target=\"_blank\" rel=\"noopener\">capsule vid\u00e9o<\/a>\u00a0de la campagne du MSSS \u00e0 la t\u00e9l\u00e9vision ou dans les m\u00e9dias sociaux.<\/p>\n<p>Les troubles anxieux peuvent d\u00e9buter t\u00f4t dans la vie d\u2019une personne. Les troubles anxieux sont les troubles mentaux les plus courants chez les enfants. Des traitements reconnus et efficaces existent pour traiter ces troubles. Le fait de les d\u00e9tecter rapidement permet de mieux s\u2019en sortir, de reprendre le contr\u00f4le sur sa vie et ses activit\u00e9s quotidiennes.<\/p>\n<p><strong>\u00c0 quel moment l\u2019anxi\u00e9t\u00e9 devient un probl\u00e8me?<\/strong><\/p>\n<ul>\n<li>Lorsqu\u2019elle ne dispara\u00eet pas lorsque la situation pr\u00e9occupante revient \u00e0 la normale.<\/li>\n<li>Lorsqu\u2019elle occasionne un niveau de d\u00e9tresse important.<\/li>\n<li>Lorsqu\u2019elle n\u2019est li\u00e9e \u00e0 aucun \u00e9v\u00e9nement de vie, c\u2019est-\u00e0-dire qu\u2019elle appara\u00eet sans raison.<\/li>\n<li>Lorsqu\u2019elle pr\u00e9occupe continuellement la personne.<\/li>\n<li>Lorsqu\u2019elle emp\u00eache la personne de fonctionner et d\u2019agir normalement au travail, en soci\u00e9t\u00e9 ou dans d\u2019autres sph\u00e8res de la vie quotidienne.<\/li>\n<\/ul>\n<p>L\u2019anxi\u00e9t\u00e9 peut alors \u00eatre un signe de la pr\u00e9sence de l\u2019un ou l\u2019autre des troubles anxieux (les phobies, le trouble d\u2019anxi\u00e9t\u00e9 g\u00e9n\u00e9ralis\u00e9e, le trouble panique et l\u2019agoraphobie). Pour en savoir plus, consultez la page\u00a0<a href=\"https:\/\/www.quebec.ca\/sante\/problemes-de-sante\/sante-mentale-maladie-mentale\/troubles-anxieux\/\" target=\"_blank\" rel=\"noopener\">Troubles anxieux<\/a>\u00a0du site du gouvernement du Qu\u00e9bec.<\/p>\n<p>&nbsp;<\/p>\n","protected":false},"excerpt":{"rendered":"<p>Saviez-vous qu\u2019au Qu\u00e9bec, pr\u00e8s de 20 % de la population souffrira d\u2019une maladie mentale au cours de sa vie? Pourtant, moins de la moiti\u00e9 des personnes qui en souffrent consultent un professionnel.<\/p>\n","protected":false},"author":9,"featured_media":0,"comment_status":"open","ping_status":"closed","sticky":false,"template":"","format":"standard","meta":{"footnotes":""},"categories":[1],"tags":[],"_links":{"self":[{"href":"https:\/\/santemc.quebec\/icentre\/wp-json\/wp\/v2\/posts\/8475"}],"collection":[{"href":"https:\/\/santemc.quebec\/icentre\/wp-json\/wp\/v2\/posts"}],"about":[{"href":"https:\/\/santemc.quebec\/icentre\/wp-json\/wp\/v2\/types\/post"}],"author":[{"embeddable":true,"href":"https:\/\/santemc.quebec\/icentre\/wp-json\/wp\/v2\/users\/9"}],"replies":[{"embeddable":true,"href":"https:\/\/santemc.quebec\/icentre\/wp-json\/wp\/v2\/comments?post=8475"}],"version-history":[{"count":11,"href":"https:\/\/santemc.quebec\/icentre\/wp-json\/wp\/v2\/posts\/8475\/revisions"}],"predecessor-version":[{"id":8615,"href":"https:\/\/santemc.quebec\/icentre\/wp-json\/wp\/v2\/posts\/8475\/revisions\/8615"}],"wp:attachment":[{"href":"https:\/\/santemc.quebec\/icentre\/wp-json\/wp\/v2\/media?parent=8475"}],"wp:term":[{"taxonomy":"category","embeddable":true,"href":"https:\/\/santemc.quebec\/icentre\/wp-json\/wp\/v2\/categories?post=8475"},{"taxonomy":"post_tag","embeddable":true,"href":"https:\/\/santemc.quebec\/icentre\/wp-json\/wp\/v2\/tags?post=8475"}],"curies":[{"name":"wp","href":"https:\/\/api.w.org\/{rel}","templated":true}]}}