{"id":854,"date":"2015-10-05T13:53:56","date_gmt":"2015-10-05T17:53:56","guid":{"rendered":"http:\/\/santemc.quebec\/icentre\/?p=854"},"modified":"2015-10-05T14:03:32","modified_gmt":"2015-10-05T18:03:32","slug":"semaine-de-sensibilisation-aux-maladies-mentales-une-ambassadrice-en-provenance-de-notre-territoire","status":"publish","type":"post","link":"https:\/\/santemc.quebec\/icentre\/semaine-de-sensibilisation-aux-maladies-mentales-une-ambassadrice-en-provenance-de-notre-territoire\/","title":{"rendered":"Semaine de sensibilisation aux maladies mentales : une ambassadrice en provenance de notre territoire"},"content":{"rendered":"<p><img decoding=\"async\" loading=\"lazy\" class=\"alignleft wp-image-856 size-thumbnail\" src=\"http:\/\/santemc.quebec\/santemc\/icentre\/wp-content\/uploads\/2015\/10\/5_visages-150x150.jpg\" alt=\"5_visages\" width=\"150\" height=\"150\" \/>Depuis plus de 10 ans, la Semaine de sensibilisation aux maladies mentales, qui d\u00e9bute aujourd\u2019hui, d\u00e9voile cinq ambassadeurs en provenance de partout au Canada qui sont en cours de r\u00e9tablissement. L\u2019un des Visages de la campagne de cette ann\u00e9e met en vedette une usag\u00e8re de notre territoire, Mme Jule Tansey.<!--more--><\/p>\n<p>Julie Tansey a re\u00e7u un diagnostic d\u2019agoraphobie et de trouble panique \u00e0 l\u2019\u00e2ge de 14 ans. Bien qu\u2019elle ait d\u00fb affronter de nombreux obstacles tout au long de sa vie, elle n\u2019a jamais baiss\u00e9 les bras. C\u2019est la raison pour laquelle elle est fi\u00e8re d\u2019\u00eatre une ardente d\u00e9fenseure de la sant\u00e9 mentale. Elle est membre de nombreux organismes, fait du b\u00e9n\u00e9volat et est membre du comit\u00e9 consultatif de la sant\u00e9 mentale de Longueuil. Son but est d\u2019\u00e9tablir un dialogue sur un vaste \u00e9ventail de sujets afin que les personnes puissent parler de leurs probl\u00e8mes de sant\u00e9 mentale et se sentir moins seules.<\/p>\n<p>Il faut beaucoup de courage et de force int\u00e9rieure pour parler ouvertement de la maladie mentale. Les personnes qui osent partager leur exp\u00e9rience sont une source d\u2019inspiration incroyable. Au cours de l\u2019ann\u00e9e prochaine, Julie Tansey et les quatre autres Visages de la campagne participeront \u00e0 des \u00e9v\u00e9nements pour sensibiliser les Canadiens aux r\u00e9alit\u00e9s de vivre avec une maladie, pour combattre les pr\u00e9jug\u00e9s d\u00e9favorables et pour encourager les personnes qui en souffrent \u00e0 sortir de l\u2019ombre. F\u00e9licitons cet engagement porteur d\u2019espoir!<\/p>\n<p>Pour visionner la vid\u00e9o promotionnelle de Mme Julie Tansey\u00a0: <a href=\"https:\/\/vimeo.com\/138158595?from=outro-local\"><u>https:\/\/vimeo.com\/138158595?from=outro-local<\/u><\/a><\/p>\n<p>Sur la photo, les cinq Visages de la campagne, de gauche \u00e0 droite\u00a0: en bas, Peter Neily et Julie Tansey et, en haut, Kendra Fisher, Wali Shah et Patricia Lemoine.<\/p>\n<p>&nbsp;<\/p>\n<p>&nbsp;<\/p>\n","protected":false},"excerpt":{"rendered":"<p>Depuis plus de 10 ans, la Semaine de sensibilisation aux maladies mentales, qui d\u00e9bute aujourd\u2019hui, d\u00e9voile cinq ambassadeurs en provenance de partout au Canada qui sont en cours de r\u00e9tablissement. L\u2019un des Visages de la campagne de cette ann\u00e9e met &hellip; <a href=\"https:\/\/santemc.quebec\/icentre\/semaine-de-sensibilisation-aux-maladies-mentales-une-ambassadrice-en-provenance-de-notre-territoire\/\">Continuer la lecture <span class=\"meta-nav\">&rarr;<\/span><\/a><\/p>\n","protected":false},"author":2,"featured_media":0,"comment_status":"open","ping_status":"closed","sticky":false,"template":"","format":"standard","meta":{"footnotes":""},"categories":[1],"tags":[],"_links":{"self":[{"href":"https:\/\/santemc.quebec\/icentre\/wp-json\/wp\/v2\/posts\/854"}],"collection":[{"href":"https:\/\/santemc.quebec\/icentre\/wp-json\/wp\/v2\/posts"}],"about":[{"href":"https:\/\/santemc.quebec\/icentre\/wp-json\/wp\/v2\/types\/post"}],"author":[{"embeddable":true,"href":"https:\/\/santemc.quebec\/icentre\/wp-json\/wp\/v2\/users\/2"}],"replies":[{"embeddable":true,"href":"https:\/\/santemc.quebec\/icentre\/wp-json\/wp\/v2\/comments?post=854"}],"version-history":[{"count":5,"href":"https:\/\/santemc.quebec\/icentre\/wp-json\/wp\/v2\/posts\/854\/revisions"}],"predecessor-version":[{"id":862,"href":"https:\/\/santemc.quebec\/icentre\/wp-json\/wp\/v2\/posts\/854\/revisions\/862"}],"wp:attachment":[{"href":"https:\/\/santemc.quebec\/icentre\/wp-json\/wp\/v2\/media?parent=854"}],"wp:term":[{"taxonomy":"category","embeddable":true,"href":"https:\/\/santemc.quebec\/icentre\/wp-json\/wp\/v2\/categories?post=854"},{"taxonomy":"post_tag","embeddable":true,"href":"https:\/\/santemc.quebec\/icentre\/wp-json\/wp\/v2\/tags?post=854"}],"curies":[{"name":"wp","href":"https:\/\/api.w.org\/{rel}","templated":true}]}}