{"id":8560,"date":"2018-11-14T15:59:20","date_gmt":"2018-11-14T20:59:20","guid":{"rendered":"http:\/\/santemc.quebec\/icentre\/?p=8560"},"modified":"2018-11-14T16:02:13","modified_gmt":"2018-11-14T21:02:13","slug":"la-boutique-ephemere-prend-forme","status":"publish","type":"post","link":"https:\/\/santemc.quebec\/icentre\/la-boutique-ephemere-prend-forme\/","title":{"rendered":"La boutique \u00e9ph\u00e9m\u00e8re prend forme!"},"content":{"rendered":"<p><a href=\"http:\/\/santemc.quebec\/santemc\/icentre\/wp-content\/uploads\/2018\/11\/IMG_2545.jpg\"><img decoding=\"async\" loading=\"lazy\" class=\"size-medium wp-image-8561 alignleft\" src=\"http:\/\/santemc.quebec\/santemc\/icentre\/wp-content\/uploads\/2018\/11\/IMG_2545-300x225.jpg\" alt=\"\" width=\"300\" height=\"225\" srcset=\"https:\/\/santemc.quebec\/santemc\/icentre\/wp-content\/uploads\/2018\/11\/IMG_2545-300x225.jpg 300w, https:\/\/santemc.quebec\/santemc\/icentre\/wp-content\/uploads\/2018\/11\/IMG_2545-768x576.jpg 768w, https:\/\/santemc.quebec\/santemc\/icentre\/wp-content\/uploads\/2018\/11\/IMG_2545-1024x768.jpg 1024w, https:\/\/santemc.quebec\/santemc\/icentre\/wp-content\/uploads\/2018\/11\/IMG_2545-400x300.jpg 400w, https:\/\/santemc.quebec\/santemc\/icentre\/wp-content\/uploads\/2018\/11\/IMG_2545.jpg 2016w\" sizes=\"(max-width: 300px) 100vw, 300px\" \/><\/a>Le d\u00e9compte est amorc\u00e9 avant l\u2019ouverture de la boutique \u00e9ph\u00e9m\u00e8re du CISSS de la Mont\u00e9r\u00e9gie-Centre au Quartier DIX30. Les 17 et 18 novembre, notre organisation accueillera dans sa boutique un grand nombre de candidats qui souhaitent trouver un emploi chez nous.<\/p>\n<p>&nbsp;<\/p>\n<p><!--more--><\/p>\n<p>Rappelons que les personnes int\u00e9ress\u00e9es \u00e0 \u00eatre re\u00e7ues en entrevue durant la fin de semaine doivent s\u2019inscrire en ligne pour r\u00e9server leur place. D\u2019ailleurs, les inscriptions vont bon train, mais il reste encore des plages horaires libres. Si vous connaissez des gens qui cherchent un emploi, n\u2019h\u00e9sitez pas \u00e0 partager l\u2019information disponible sur notre page Facebook\u00a0: <a href=\"https:\/\/www.facebook.com\/cisssmc\/\" target=\"_blank\" rel=\"noopener\">https:\/\/www.facebook.com\/cisssmc\/<\/a> et notre site Web\u00a0: <a href=\"http:\/\/www.nousrecrutons.ca\" target=\"_blank\" rel=\"noopener\">www.nousrecrutons.ca<\/a><\/p>\n<h1><strong>Quelques photos en primeur!<\/strong><\/h1>\n<p>Ce matin, les premiers \u00e9l\u00e9ments d\u00e9coratifs ont \u00e9t\u00e9 install\u00e9s dans le local. Voici donc, en primeur, un aper\u00e7u d\u2019une partie du d\u00e9cor qui habillera notre boutique!<\/p>\n<p><a href=\"http:\/\/santemc.quebec\/santemc\/icentre\/wp-content\/uploads\/2018\/11\/IMG_E1409.jpg\"><img decoding=\"async\" loading=\"lazy\" class=\"alignleft wp-image-8564 size-large\" src=\"http:\/\/santemc.quebec\/santemc\/icentre\/wp-content\/uploads\/2018\/11\/IMG_E1409-1024x769.jpg\" alt=\"\" width=\"584\" height=\"439\" srcset=\"https:\/\/santemc.quebec\/santemc\/icentre\/wp-content\/uploads\/2018\/11\/IMG_E1409-1024x769.jpg 1024w, https:\/\/santemc.quebec\/santemc\/icentre\/wp-content\/uploads\/2018\/11\/IMG_E1409-300x225.jpg 300w, https:\/\/santemc.quebec\/santemc\/icentre\/wp-content\/uploads\/2018\/11\/IMG_E1409-768x577.jpg 768w, https:\/\/santemc.quebec\/santemc\/icentre\/wp-content\/uploads\/2018\/11\/IMG_E1409-400x300.jpg 400w\" sizes=\"(max-width: 584px) 100vw, 584px\" \/><\/a><\/p>\n<p><a href=\"http:\/\/santemc.quebec\/santemc\/icentre\/wp-content\/uploads\/2018\/11\/IMG_2547.jpg\"><br \/>\n<img decoding=\"async\" loading=\"lazy\" class=\"alignleft wp-image-8563 size-large\" src=\"http:\/\/santemc.quebec\/santemc\/icentre\/wp-content\/uploads\/2018\/11\/IMG_2547-768x1024.jpg\" alt=\"\" width=\"584\" height=\"779\" srcset=\"https:\/\/santemc.quebec\/santemc\/icentre\/wp-content\/uploads\/2018\/11\/IMG_2547-768x1024.jpg 768w, https:\/\/santemc.quebec\/santemc\/icentre\/wp-content\/uploads\/2018\/11\/IMG_2547-225x300.jpg 225w, https:\/\/santemc.quebec\/santemc\/icentre\/wp-content\/uploads\/2018\/11\/IMG_2547.jpg 1512w\" sizes=\"(max-width: 584px) 100vw, 584px\" \/><\/a><\/p>\n<p><a href=\"http:\/\/santemc.quebec\/santemc\/icentre\/wp-content\/uploads\/2018\/11\/IMG_2543.jpg\"><img decoding=\"async\" loading=\"lazy\" class=\"alignleft wp-image-8562 size-large\" src=\"http:\/\/santemc.quebec\/santemc\/icentre\/wp-content\/uploads\/2018\/11\/IMG_2543-768x1024.jpg\" alt=\"\" width=\"584\" height=\"779\" srcset=\"https:\/\/santemc.quebec\/santemc\/icentre\/wp-content\/uploads\/2018\/11\/IMG_2543-768x1024.jpg 768w, https:\/\/santemc.quebec\/santemc\/icentre\/wp-content\/uploads\/2018\/11\/IMG_2543-225x300.jpg 225w, https:\/\/santemc.quebec\/santemc\/icentre\/wp-content\/uploads\/2018\/11\/IMG_2543.jpg 1512w\" sizes=\"(max-width: 584px) 100vw, 584px\" \/><\/a><\/p>\n","protected":false},"excerpt":{"rendered":"<p>Le d\u00e9compte est amorc\u00e9 avant l\u2019ouverture de la boutique \u00e9ph\u00e9m\u00e8re du CISSS de la Mont\u00e9r\u00e9gie-Centre au Quartier DIX30. Les 17 et 18 novembre, notre organisation accueillera dans sa boutique un grand nombre de candidats qui souhaitent trouver un emploi chez &hellip; <a href=\"https:\/\/santemc.quebec\/icentre\/la-boutique-ephemere-prend-forme\/\">Continuer la lecture <span class=\"meta-nav\">&rarr;<\/span><\/a><\/p>\n","protected":false},"author":8,"featured_media":0,"comment_status":"open","ping_status":"closed","sticky":false,"template":"","format":"standard","meta":{"footnotes":""},"categories":[1],"tags":[99,85],"_links":{"self":[{"href":"https:\/\/santemc.quebec\/icentre\/wp-json\/wp\/v2\/posts\/8560"}],"collection":[{"href":"https:\/\/santemc.quebec\/icentre\/wp-json\/wp\/v2\/posts"}],"about":[{"href":"https:\/\/santemc.quebec\/icentre\/wp-json\/wp\/v2\/types\/post"}],"author":[{"embeddable":true,"href":"https:\/\/santemc.quebec\/icentre\/wp-json\/wp\/v2\/users\/8"}],"replies":[{"embeddable":true,"href":"https:\/\/santemc.quebec\/icentre\/wp-json\/wp\/v2\/comments?post=8560"}],"version-history":[{"count":5,"href":"https:\/\/santemc.quebec\/icentre\/wp-json\/wp\/v2\/posts\/8560\/revisions"}],"predecessor-version":[{"id":8571,"href":"https:\/\/santemc.quebec\/icentre\/wp-json\/wp\/v2\/posts\/8560\/revisions\/8571"}],"wp:attachment":[{"href":"https:\/\/santemc.quebec\/icentre\/wp-json\/wp\/v2\/media?parent=8560"}],"wp:term":[{"taxonomy":"category","embeddable":true,"href":"https:\/\/santemc.quebec\/icentre\/wp-json\/wp\/v2\/categories?post=8560"},{"taxonomy":"post_tag","embeddable":true,"href":"https:\/\/santemc.quebec\/icentre\/wp-json\/wp\/v2\/tags?post=8560"}],"curies":[{"name":"wp","href":"https:\/\/api.w.org\/{rel}","templated":true}]}}