{"id":8567,"date":"2018-11-15T08:53:23","date_gmt":"2018-11-15T13:53:23","guid":{"rendered":"http:\/\/santemc.quebec\/icentre\/?p=8567"},"modified":"2018-11-15T16:22:38","modified_gmt":"2018-11-15T21:22:38","slug":"de-nouveaux-studios-pour-neuf-jeunes-handicapes-intellectuellement","status":"publish","type":"post","link":"https:\/\/santemc.quebec\/icentre\/de-nouveaux-studios-pour-neuf-jeunes-handicapes-intellectuellement\/","title":{"rendered":"De nouveaux studios pour neuf jeunes handicap\u00e9s intellectuellement"},"content":{"rendered":"<div id=\"attachment_8572\" style=\"width: 310px\" class=\"wp-caption alignleft\"><a href=\"http:\/\/santemc.quebec\/santemc\/icentre\/wp-content\/uploads\/2018\/11\/appart_moi_2.jpg\"><img aria-describedby=\"caption-attachment-8572\" decoding=\"async\" loading=\"lazy\" class=\"size-medium wp-image-8572\" src=\"http:\/\/santemc.quebec\/santemc\/icentre\/wp-content\/uploads\/2018\/11\/appart_moi_2-300x214.jpg\" alt=\"\" width=\"300\" height=\"214\" srcset=\"https:\/\/santemc.quebec\/santemc\/icentre\/wp-content\/uploads\/2018\/11\/appart_moi_2-300x214.jpg 300w, https:\/\/santemc.quebec\/santemc\/icentre\/wp-content\/uploads\/2018\/11\/appart_moi_2-768x548.jpg 768w, https:\/\/santemc.quebec\/santemc\/icentre\/wp-content\/uploads\/2018\/11\/appart_moi_2-1024x731.jpg 1024w, https:\/\/santemc.quebec\/santemc\/icentre\/wp-content\/uploads\/2018\/11\/appart_moi_2-420x300.jpg 420w, https:\/\/santemc.quebec\/santemc\/icentre\/wp-content\/uploads\/2018\/11\/appart_moi_2.jpg 1280w\" sizes=\"(max-width: 300px) 100vw, 300px\" \/><\/a><p id=\"caption-attachment-8572\" class=\"wp-caption-text\">De gauche \u00e0 droite : Sylvie Bilodeau, directrice DI-TSA, DP et DV; un locataire et sa m\u00e8re; Sylvie Parent, mairesse de Longueuil.<\/p><\/div>\n<p>Dix logements contemporains, neuf locataires uniques, un r\u00e9sident surveillant et un immeuble adapt\u00e9 qui contribuent \u00e0 l\u2019\u00e9mancipation de jeunes adultes vivant avec une d\u00e9ficience intellectuelle. Voil\u00e0 la description de \u00ab L\u2019appart \u00e0 moi \u00bb, un projet d\u2019habitation situ\u00e9 \u00e0 Saint-Hubert, qui inaugurait ces nouveaux logements le 4 novembre dernier. Ce projet a vu le jour gr\u00e2ce \u00e0 de nombreux acteurs ainsi qu\u2019au soutien du CISSS de la Mont\u00e9r\u00e9gie-Centre.<\/p>\n<p><!--more--><\/p>\n<p>Pour souligner l\u2019inauguration de ces studios, Sylvie Bilodeau, directrice des programmes en d\u00e9ficience intellectuelle (DI), trouble du spectre de l\u2019autisme (TSA) et d\u00e9ficience physique (DP), et Nadine Genevi\u00e8ve Desjardins, organisatrice communautaire, \u00e9taient pr\u00e9sentes. Pour faciliter l\u2019int\u00e9gration et la participation sociale de ces jeunes \u00e0 leur nouveau milieu de vie, l\u2019\u00e9quipe en DI-TSA du CLSC Samuel-de-Champlain apporte un pr\u00e9cieux soutien.<\/p>\n<p><strong>Un grand pas vers l\u2019autonomie<br \/>\n<\/strong>Ce projet novateur permet aux r\u00e9sidents d\u2019assumer certaines responsabilit\u00e9s, entre autres l&rsquo;entretien de leur studio, des aires communes et de leurs v\u00eatements. En fonction de leurs capacit\u00e9s, les locataires participent \u00e9galement \u00e0 l&rsquo;atelier quotidien de pr\u00e9paration du repas du soir. Ils peuvent pr\u00e9parer les autres repas dans leur studio respectif ou encore dans la cuisine commune.<\/p>\n<p>L&rsquo;int\u00e9gration de personnes diff\u00e9rentes dans la communaut\u00e9 se b\u00e2tit par l&rsquo;\u00e9change et le partage d&rsquo;activit\u00e9s. \u00ab L&rsquo;appart \u00e0 moi \u00bb favorise une mobilisation active dans le milieu communautaire. Ces nouveaux locataires contribueront \u00e0 la r\u00e9duction des pr\u00e9jug\u00e9s \u00e0 l&rsquo;\u00e9gard des personnes vivant avec une d\u00e9ficience intellectuelle.<\/p>\n<p>&nbsp;<\/p>\n<div id=\"attachment_8574\" style=\"width: 310px\" class=\"wp-caption aligncenter\"><a href=\"http:\/\/santemc.quebec\/santemc\/icentre\/wp-content\/uploads\/2018\/11\/appart_moi_4.jpg\"><img aria-describedby=\"caption-attachment-8574\" decoding=\"async\" loading=\"lazy\" class=\"wp-image-8574 size-medium\" src=\"http:\/\/santemc.quebec\/santemc\/icentre\/wp-content\/uploads\/2018\/11\/appart_moi_4-300x214.jpg\" alt=\"\" width=\"300\" height=\"214\" srcset=\"https:\/\/santemc.quebec\/santemc\/icentre\/wp-content\/uploads\/2018\/11\/appart_moi_4-300x214.jpg 300w, https:\/\/santemc.quebec\/santemc\/icentre\/wp-content\/uploads\/2018\/11\/appart_moi_4-768x548.jpg 768w, https:\/\/santemc.quebec\/santemc\/icentre\/wp-content\/uploads\/2018\/11\/appart_moi_4-1024x731.jpg 1024w, https:\/\/santemc.quebec\/santemc\/icentre\/wp-content\/uploads\/2018\/11\/appart_moi_4-420x300.jpg 420w, https:\/\/santemc.quebec\/santemc\/icentre\/wp-content\/uploads\/2018\/11\/appart_moi_4.jpg 1280w\" sizes=\"(max-width: 300px) 100vw, 300px\" \/><\/a><p id=\"caption-attachment-8574\" class=\"wp-caption-text\">Daniel LeBlanc, pr\u00e9sident &#8211; L&rsquo;appart \u00e0 moi; Nadine Genevi\u00e8ve Desjardins, organisatrice communautaire; Monique Bastien, conseill\u00e8re municipale \u00e0 la Ville de Longueuil; Nathalie Boisclair, conseill\u00e8re municipale \u00e0 la Ville de Longueuil et pr\u00e9sidente de l&rsquo;arrondissement Saint-Hubert; Sylvie Parent, mairesse de Longueuil; Sylvie Bilodeau, directrice DI-TSA, DP et DV; Olivier Chouc, CN, copr\u00e9sident d&rsquo;honneur de la campagne de lev\u00e9e de fonds de L&rsquo;appart \u00e0 moi; Chantale Lauzon, pr\u00e9sidente de la Caisse de bienfaisance des employ\u00e9s et retrait\u00e9s du CN.<\/p><\/div>\n<p>&nbsp;<\/p>\n","protected":false},"excerpt":{"rendered":"<p>Dix logements contemporains, neuf locataires uniques, un r\u00e9sident surveillant et un immeuble adapt\u00e9 qui contribuent \u00e0 l\u2019\u00e9mancipation de jeunes adultes vivant avec une d\u00e9ficience intellectuelle. Voil\u00e0 la description de \u00ab L\u2019appart \u00e0 moi \u00bb, un projet d\u2019habitation situ\u00e9 \u00e0 Saint-Hubert, &hellip; <a href=\"https:\/\/santemc.quebec\/icentre\/de-nouveaux-studios-pour-neuf-jeunes-handicapes-intellectuellement\/\">Continuer la lecture <span class=\"meta-nav\">&rarr;<\/span><\/a><\/p>\n","protected":false},"author":9,"featured_media":0,"comment_status":"open","ping_status":"closed","sticky":false,"template":"","format":"standard","meta":{"footnotes":""},"categories":[1],"tags":[],"_links":{"self":[{"href":"https:\/\/santemc.quebec\/icentre\/wp-json\/wp\/v2\/posts\/8567"}],"collection":[{"href":"https:\/\/santemc.quebec\/icentre\/wp-json\/wp\/v2\/posts"}],"about":[{"href":"https:\/\/santemc.quebec\/icentre\/wp-json\/wp\/v2\/types\/post"}],"author":[{"embeddable":true,"href":"https:\/\/santemc.quebec\/icentre\/wp-json\/wp\/v2\/users\/9"}],"replies":[{"embeddable":true,"href":"https:\/\/santemc.quebec\/icentre\/wp-json\/wp\/v2\/comments?post=8567"}],"version-history":[{"count":3,"href":"https:\/\/santemc.quebec\/icentre\/wp-json\/wp\/v2\/posts\/8567\/revisions"}],"predecessor-version":[{"id":8609,"href":"https:\/\/santemc.quebec\/icentre\/wp-json\/wp\/v2\/posts\/8567\/revisions\/8609"}],"wp:attachment":[{"href":"https:\/\/santemc.quebec\/icentre\/wp-json\/wp\/v2\/media?parent=8567"}],"wp:term":[{"taxonomy":"category","embeddable":true,"href":"https:\/\/santemc.quebec\/icentre\/wp-json\/wp\/v2\/categories?post=8567"},{"taxonomy":"post_tag","embeddable":true,"href":"https:\/\/santemc.quebec\/icentre\/wp-json\/wp\/v2\/tags?post=8567"}],"curies":[{"name":"wp","href":"https:\/\/api.w.org\/{rel}","templated":true}]}}