{"id":863,"date":"2015-10-06T11:32:09","date_gmt":"2015-10-06T15:32:09","guid":{"rendered":"http:\/\/santemc.quebec\/icentre\/?p=863"},"modified":"2015-10-06T11:39:18","modified_gmt":"2015-10-06T15:39:18","slug":"journee-carriere-quebec-un-grand-succes-pour-la-monteregie","status":"publish","type":"post","link":"https:\/\/santemc.quebec\/icentre\/journee-carriere-quebec-un-grand-succes-pour-la-monteregie\/","title":{"rendered":"Journ\u00e9e carri\u00e8re Qu\u00e9bec : un grand succ\u00e8s pour la Mont\u00e9r\u00e9gie"},"content":{"rendered":"<p><a href=\"http:\/\/santemc.quebec\/santemc\/icentre\/wp-content\/uploads\/2015\/10\/Salon-FMRQ-2-octobre-2015-041.jpg\"><img decoding=\"async\" loading=\"lazy\" class=\"alignleft wp-image-870 size-thumbnail\" src=\"http:\/\/santemc.quebec\/santemc\/icentre\/wp-content\/uploads\/2015\/10\/Salon-FMRQ-2-octobre-2015-041-150x150.jpg\" alt=\"Salon FMRQ 2 octobre 2015 041\" width=\"150\" height=\"150\" \/><\/a>Le 2 octobre dernier, le CISSS de la Mont\u00e9r\u00e9gie-Centre participait \u00e0 la Journ\u00e9e carri\u00e8re Qu\u00e9bec, le salon de recrutement organis\u00e9 annuellement par la F\u00e9d\u00e9ration des m\u00e9decins r\u00e9sidents du Qu\u00e9bec. Cette ann\u00e9e, plus de 850 m\u00e9decins r\u00e9sidents en provenance de plusieurs facult\u00e9s de m\u00e9decine du Qu\u00e9bec \u00e9taient pr\u00e9sents au Palais des congr\u00e8s de Montr\u00e9al pour rencontrer les repr\u00e9sentants des \u00e9tablissements.<!--more--><\/p>\n<p>Les stands des CISSS de la Mont\u00e9r\u00e9gie \u00e9taient regroup\u00e9s sous une structure uniforme mettant en vedette l\u2019un des principaux attraits de notre r\u00e9gion\u00a0: son vaste r\u00e9seau de pistes cyclables. \u00c0 travers la visite des diff\u00e9rents stands, les r\u00e9sidents pouvaient d\u00e9couvrir les paysages de chaque territoire.<\/p>\n<p>Pour les CISSS de la Mont\u00e9r\u00e9gie, l\u2019\u00e9v\u00e9nement est une r\u00e9ussite puisque l\u2019espace mont\u00e9r\u00e9gien \u00e9tait de loin le plus achaland\u00e9. Cette exp\u00e9rience fut une belle occasion de vanter les m\u00e9rites de notre CISSS et de lui assurer une belle visibilit\u00e9 aupr\u00e8s de la rel\u00e8ve m\u00e9dicale. En tout, pr\u00e8s d\u2019une centaine de noms de r\u00e9sidents int\u00e9ress\u00e9s \u00e0 pratiquer dans notre CISSS ont \u00e9t\u00e9 recueillis.<\/p>\n<p>Un gros merci \u00e0 tous les m\u00e9decins du CISSS de la Mont\u00e9r\u00e9gie-Centre qui \u00e9taient pr\u00e9sents pour nous repr\u00e9senter!<\/p>\n<p><a href=\"http:\/\/santemc.quebec\/santemc\/icentre\/wp-content\/uploads\/2015\/10\/FMRQ2015-022.jpg\"><br \/>\n<img decoding=\"async\" loading=\"lazy\" class=\"alignleft size-medium wp-image-867\" src=\"http:\/\/santemc.quebec\/santemc\/icentre\/wp-content\/uploads\/2015\/10\/FMRQ2015-022-200x300.jpg\" alt=\"FMRQ2015 022\" width=\"200\" height=\"300\" srcset=\"https:\/\/santemc.quebec\/santemc\/icentre\/wp-content\/uploads\/2015\/10\/FMRQ2015-022-200x300.jpg 200w, https:\/\/santemc.quebec\/santemc\/icentre\/wp-content\/uploads\/2015\/10\/FMRQ2015-022-683x1024.jpg 683w, https:\/\/santemc.quebec\/santemc\/icentre\/wp-content\/uploads\/2015\/10\/FMRQ2015-022.jpg 1280w\" sizes=\"(max-width: 200px) 100vw, 200px\" \/><\/a><\/p>\n","protected":false},"excerpt":{"rendered":"<p>Le 2 octobre dernier, le CISSS de la Mont\u00e9r\u00e9gie-Centre participait \u00e0 la Journ\u00e9e carri\u00e8re Qu\u00e9bec, le salon de recrutement organis\u00e9 annuellement par la F\u00e9d\u00e9ration des m\u00e9decins r\u00e9sidents du Qu\u00e9bec. Cette ann\u00e9e, plus de 850 m\u00e9decins r\u00e9sidents en provenance de plusieurs &hellip; <a href=\"https:\/\/santemc.quebec\/icentre\/journee-carriere-quebec-un-grand-succes-pour-la-monteregie\/\">Continuer la lecture <span class=\"meta-nav\">&rarr;<\/span><\/a><\/p>\n","protected":false},"author":1,"featured_media":0,"comment_status":"open","ping_status":"closed","sticky":false,"template":"","format":"standard","meta":{"footnotes":""},"categories":[1],"tags":[],"_links":{"self":[{"href":"https:\/\/santemc.quebec\/icentre\/wp-json\/wp\/v2\/posts\/863"}],"collection":[{"href":"https:\/\/santemc.quebec\/icentre\/wp-json\/wp\/v2\/posts"}],"about":[{"href":"https:\/\/santemc.quebec\/icentre\/wp-json\/wp\/v2\/types\/post"}],"author":[{"embeddable":true,"href":"https:\/\/santemc.quebec\/icentre\/wp-json\/wp\/v2\/users\/1"}],"replies":[{"embeddable":true,"href":"https:\/\/santemc.quebec\/icentre\/wp-json\/wp\/v2\/comments?post=863"}],"version-history":[{"count":5,"href":"https:\/\/santemc.quebec\/icentre\/wp-json\/wp\/v2\/posts\/863\/revisions"}],"predecessor-version":[{"id":871,"href":"https:\/\/santemc.quebec\/icentre\/wp-json\/wp\/v2\/posts\/863\/revisions\/871"}],"wp:attachment":[{"href":"https:\/\/santemc.quebec\/icentre\/wp-json\/wp\/v2\/media?parent=863"}],"wp:term":[{"taxonomy":"category","embeddable":true,"href":"https:\/\/santemc.quebec\/icentre\/wp-json\/wp\/v2\/categories?post=863"},{"taxonomy":"post_tag","embeddable":true,"href":"https:\/\/santemc.quebec\/icentre\/wp-json\/wp\/v2\/tags?post=863"}],"curies":[{"name":"wp","href":"https:\/\/api.w.org\/{rel}","templated":true}]}}