{"id":873,"date":"2015-10-07T13:17:57","date_gmt":"2015-10-07T17:17:57","guid":{"rendered":"http:\/\/santemc.quebec\/icentre\/?p=873"},"modified":"2015-10-07T14:53:05","modified_gmt":"2015-10-07T18:53:05","slug":"une-premiere-au-quebec-linlb-effectuera-la-readaptation-suite-a-limplantation-dun-oeil-bionique","status":"publish","type":"post","link":"https:\/\/santemc.quebec\/icentre\/une-premiere-au-quebec-linlb-effectuera-la-readaptation-suite-a-limplantation-dun-oeil-bionique\/","title":{"rendered":"Une premi\u00e8re au Qu\u00e9bec : l\u2019INLB effectuera la r\u00e9adaptation suite \u00e0 l\u2019implantation d\u2019un \u0153il bionique"},"content":{"rendered":"<p>L&rsquo;H\u00f4pital Maisonneuve-Rosemont a proc\u00e9d\u00e9 en septembre dernier \u00e0 l&rsquo;implantation d&rsquo;un syst\u00e8me Argus II chez une patiente adulte.\u00a0 Ce syst\u00e8me, commun\u00e9ment appel\u00e9 \u0153il bionique, est destin\u00e9 \u00e0 stimuler \u00e9lectriquement la r\u00e9tine pour induire une perception visuelle chez des personnes atteintes d&rsquo;une perte de la vision importante, due \u00e0 une d\u00e9g\u00e9n\u00e9rescence r\u00e9tinienne (telle que r\u00e9tinite pigmentaire, choro\u00efd\u00e9r\u00e9mie, dystrophie \u00e0 b\u00e2tonnets pr\u00e9dominants, syndrome d&rsquo;Usher, etc.). Il s&rsquo;agit d&rsquo;une premi\u00e8re intervention de ce genre au Qu\u00e9bec. \u00a0La r\u00e9adaptation suite \u00e0 cette chirurgie est un \u00e9l\u00e9ment cl\u00e9 du succ\u00e8s de cette op\u00e9ration.\u00a0 L\u2019H\u00f4pital Maisonneuve-Rosemont a choisi de travailler avec les intervenants de l&rsquo;INLB en raison de leur expertise, reconnue m\u00eame au-del\u00e0 des fronti\u00e8res du Qu\u00e9bec.<!--more--><\/p>\n<p>C&rsquo;est avec enthousiasme qu\u2019une premi\u00e8re \u00e9quipe d&rsquo;intervention a \u00e9t\u00e9 constitu\u00e9e pour accueillir cette usag\u00e8re porteuse d&rsquo;une proth\u00e8se r\u00e9tinienne et pour l&rsquo;accompagner dans son entra\u00eenement \u00e0 sa nouvelle vision.\u00a0 Une sp\u00e9cialiste en r\u00e9adaptation en d\u00e9ficience visuelle, une sp\u00e9cialiste en orientation et mobilit\u00e9 et un optom\u00e9triste suivront un protocole de r\u00e9adaptation intensive adapt\u00e9 aux besoins de l\u2019usag\u00e8re. Le programme de r\u00e9adaptation de cette cliente devrait d\u00e9buter d\u2019ici quelques semaines.<\/p>\n<p>De plus, l\u2019\u00e9quipe de recherche de l\u2019INLB sera \u00e9galement impliqu\u00e9 dans le projet pour documenter certains aspects.<\/p>\n","protected":false},"excerpt":{"rendered":"<p>L&rsquo;H\u00f4pital Maisonneuve-Rosemont a proc\u00e9d\u00e9 en septembre dernier \u00e0 l&rsquo;implantation d&rsquo;un syst\u00e8me Argus II chez une patiente adulte.\u00a0 Ce syst\u00e8me, commun\u00e9ment appel\u00e9 \u0153il bionique, est destin\u00e9 \u00e0 stimuler \u00e9lectriquement la r\u00e9tine pour induire une perception visuelle chez des personnes atteintes d&rsquo;une &hellip; <a href=\"https:\/\/santemc.quebec\/icentre\/une-premiere-au-quebec-linlb-effectuera-la-readaptation-suite-a-limplantation-dun-oeil-bionique\/\">Continuer la lecture <span class=\"meta-nav\">&rarr;<\/span><\/a><\/p>\n","protected":false},"author":1,"featured_media":0,"comment_status":"open","ping_status":"closed","sticky":false,"template":"","format":"standard","meta":{"footnotes":""},"categories":[1],"tags":[],"_links":{"self":[{"href":"https:\/\/santemc.quebec\/icentre\/wp-json\/wp\/v2\/posts\/873"}],"collection":[{"href":"https:\/\/santemc.quebec\/icentre\/wp-json\/wp\/v2\/posts"}],"about":[{"href":"https:\/\/santemc.quebec\/icentre\/wp-json\/wp\/v2\/types\/post"}],"author":[{"embeddable":true,"href":"https:\/\/santemc.quebec\/icentre\/wp-json\/wp\/v2\/users\/1"}],"replies":[{"embeddable":true,"href":"https:\/\/santemc.quebec\/icentre\/wp-json\/wp\/v2\/comments?post=873"}],"version-history":[{"count":2,"href":"https:\/\/santemc.quebec\/icentre\/wp-json\/wp\/v2\/posts\/873\/revisions"}],"predecessor-version":[{"id":883,"href":"https:\/\/santemc.quebec\/icentre\/wp-json\/wp\/v2\/posts\/873\/revisions\/883"}],"wp:attachment":[{"href":"https:\/\/santemc.quebec\/icentre\/wp-json\/wp\/v2\/media?parent=873"}],"wp:term":[{"taxonomy":"category","embeddable":true,"href":"https:\/\/santemc.quebec\/icentre\/wp-json\/wp\/v2\/categories?post=873"},{"taxonomy":"post_tag","embeddable":true,"href":"https:\/\/santemc.quebec\/icentre\/wp-json\/wp\/v2\/tags?post=873"}],"curies":[{"name":"wp","href":"https:\/\/api.w.org\/{rel}","templated":true}]}}