{"id":875,"date":"2015-10-07T13:59:49","date_gmt":"2015-10-07T17:59:49","guid":{"rendered":"http:\/\/santemc.quebec\/icentre\/?p=875"},"modified":"2015-10-07T14:00:51","modified_gmt":"2015-10-07T18:00:51","slug":"un-nouveau-repertoire-des-ressources-en-sante-mentale-pour-les-territoires-champlain-charles-le-moyne-et-pierre-boucher","status":"publish","type":"post","link":"https:\/\/santemc.quebec\/icentre\/un-nouveau-repertoire-des-ressources-en-sante-mentale-pour-les-territoires-champlain-charles-le-moyne-et-pierre-boucher\/","title":{"rendered":"Un nouveau r\u00e9pertoire des ressources en sant\u00e9 mentale pour les territoires Champlain\u2013Charles-Le Moyne et Pierre-Boucher"},"content":{"rendered":"<p><a href=\"http:\/\/santemc.quebec\/santemc\/icentre\/wp-content\/uploads\/2015\/10\/Mon-parcours3.jpg\"><img decoding=\"async\" loading=\"lazy\" class=\"alignleft wp-image-879 size-thumbnail\" src=\"http:\/\/santemc.quebec\/santemc\/icentre\/wp-content\/uploads\/2015\/10\/Mon-parcours3-150x150.jpg\" alt=\"Mon parcours\" width=\"150\" height=\"150\" \/><\/a>Gr\u00e2ce \u00e0 la mobilisation d\u2019usagers et de partenaires membres de la Table de concertation en sant\u00e9 mentale des territoires Champlain\u2013Charles-Le Moyne et Pierre-Boucher, les personnes aux prises avec un probl\u00e8me de sant\u00e9 mentale disposent d\u2019un tout nouveau r\u00e9pertoire leur permettant \u00e0 la fois de mieux conna\u00eetre les ressources \u00e0 leur disposition, mais aussi de s\u2019identifier \u00e0 d\u2019autres usagers.<!--more--><\/p>\n<p>Con\u00e7u par trois personnes vivant avec un probl\u00e8me de sant\u00e9 mentale, \u00ab\u00a0Mon Parcours, Mon R\u00e9tablissement\u00a0\u00bb est un guide d\u00e9crivant les trajectoires prises par quatre usagers de ces services, les obstacles qu\u2019ils ont d\u00fb franchir et les moyens qu\u2019ils ont utilis\u00e9s pour les surmonter. Ces trajectoires, des mini-histoires dans lesquelles les probl\u00e8mes en tous genres trouvent \u00e0 la fin une solution efficace, permettent au lecteur de se reconna\u00eetre dans les difficult\u00e9s qu\u2019il vit lui-m\u00eame dans son quotidien. Chaque histoire se termine par une liste des probl\u00e8mes v\u00e9cus et des strat\u00e9gies pour les g\u00e9rer, etc. \u00c0 la fin des quatre histoires, un bottin plus d\u00e9taill\u00e9 des organismes \u00e0 consulter est fourni au lecteur.<\/p>\n<p>Le r\u00e9pertoire est distribu\u00e9 dans la majorit\u00e9 des organismes \u0153uvrant aupr\u00e8s des personnes ayant un probl\u00e8me de sant\u00e9 mentale sur le territoire de l\u2019agglom\u00e9ration de Longueuil. Les personnes souhaitant obtenir une version anglaise peuvent s\u2019adresser \u00e0 l\u2019Assistance and Referral Center au 450\u00a0466-9207. Pour toute autre information, n\u2019h\u00e9sitez pas \u00e0 vous adresser \u00e0 M. Mario Lefebvre, organisateur communautaire au CISSS de la Mont\u00e9r\u00e9gie-Centre, au 450 462-5120, poste 6082.<\/p>\n<p>&nbsp;<\/p>\n<p>&nbsp;<\/p>\n","protected":false},"excerpt":{"rendered":"<p>Gr\u00e2ce \u00e0 la mobilisation d\u2019usagers et de partenaires membres de la Table de concertation en sant\u00e9 mentale des territoires Champlain\u2013Charles-Le Moyne et Pierre-Boucher, les personnes aux prises avec un probl\u00e8me de sant\u00e9 mentale disposent d\u2019un tout nouveau r\u00e9pertoire leur permettant &hellip; <a href=\"https:\/\/santemc.quebec\/icentre\/un-nouveau-repertoire-des-ressources-en-sante-mentale-pour-les-territoires-champlain-charles-le-moyne-et-pierre-boucher\/\">Continuer la lecture <span class=\"meta-nav\">&rarr;<\/span><\/a><\/p>\n","protected":false},"author":2,"featured_media":0,"comment_status":"open","ping_status":"closed","sticky":false,"template":"","format":"standard","meta":{"footnotes":""},"categories":[1],"tags":[],"_links":{"self":[{"href":"https:\/\/santemc.quebec\/icentre\/wp-json\/wp\/v2\/posts\/875"}],"collection":[{"href":"https:\/\/santemc.quebec\/icentre\/wp-json\/wp\/v2\/posts"}],"about":[{"href":"https:\/\/santemc.quebec\/icentre\/wp-json\/wp\/v2\/types\/post"}],"author":[{"embeddable":true,"href":"https:\/\/santemc.quebec\/icentre\/wp-json\/wp\/v2\/users\/2"}],"replies":[{"embeddable":true,"href":"https:\/\/santemc.quebec\/icentre\/wp-json\/wp\/v2\/comments?post=875"}],"version-history":[{"count":2,"href":"https:\/\/santemc.quebec\/icentre\/wp-json\/wp\/v2\/posts\/875\/revisions"}],"predecessor-version":[{"id":882,"href":"https:\/\/santemc.quebec\/icentre\/wp-json\/wp\/v2\/posts\/875\/revisions\/882"}],"wp:attachment":[{"href":"https:\/\/santemc.quebec\/icentre\/wp-json\/wp\/v2\/media?parent=875"}],"wp:term":[{"taxonomy":"category","embeddable":true,"href":"https:\/\/santemc.quebec\/icentre\/wp-json\/wp\/v2\/categories?post=875"},{"taxonomy":"post_tag","embeddable":true,"href":"https:\/\/santemc.quebec\/icentre\/wp-json\/wp\/v2\/tags?post=875"}],"curies":[{"name":"wp","href":"https:\/\/api.w.org\/{rel}","templated":true}]}}