{"id":8878,"date":"2018-11-28T10:39:41","date_gmt":"2018-11-28T15:39:41","guid":{"rendered":"http:\/\/santemc.quebec\/icentre\/?p=8878"},"modified":"2018-12-10T08:57:22","modified_gmt":"2018-12-10T13:57:22","slug":"larticle-dune-employee-de-lhopital-charles-le-moyne-publie-dans-un-magazine-scientifique-americain","status":"publish","type":"post","link":"https:\/\/santemc.quebec\/icentre\/larticle-dune-employee-de-lhopital-charles-le-moyne-publie-dans-un-magazine-scientifique-americain\/","title":{"rendered":"L\u2019article d\u2019une employ\u00e9e de l\u2019H\u00f4pital Charles-Le Moyne publi\u00e9 dans un magazine scientifique am\u00e9ricain"},"content":{"rendered":"<p>En mars 2017, Karine Schutt-A\u00een\u00e9, technologue en \u00e9lectrophysiologie m\u00e9dicale de l\u2019H\u00f4pital Charles-Le Moyne, publiait un article dans le magazine de l\u2019Ordre des technologistes en imagerie m\u00e9dicale, en radio-oncologie et en \u00e9lectrophysiologie m\u00e9dicale du Qu\u00e9bec, <em>\u00c9choX<\/em>. Cette nouvelle avait d\u2019ailleurs fait l\u2019objet d\u2019une parution dans le i-Centre\u00a0: <a href=\"https:\/\/santemc.quebec\/icentre\/?p=4432\" target=\"_blank\" rel=\"noopener\">https:\/\/santemc.quebec\/icentre\/?p=4432<\/a><\/p>\n<p><!--more--><\/p>\n<p>Un an plus tard, l\u2019article a \u00e9t\u00e9 traduit enti\u00e8rement par l&rsquo;auteure et publi\u00e9 dans le magazine de l\u2019American Society of Electroneurodiagnostic Technologist (ASET), une revue consult\u00e9e par plus de 5\u00a0000 personnes aux \u00c9tats-Unis!<\/p>\n<p>F\u00e9licitations \u00e0 Mme Schutt-A\u00een\u00e9 pour cet accomplissement et sa contribution au rayonnement de notre l\u2019\u00e9tablissement!<\/p>\n<p>Vous pouvez lire l\u2019article en version fran\u00e7aise et d\u00e9butant \u00e0 la page 35 en cliquant sur ce lien\u00a0:<br \/>\n<a href=\"http:\/\/www.otimroepmq.ca\/wp-content\/uploads\/2017\/03\/EchoX_vol37no1_WEB.pdf\" target=\"_blank\" rel=\"noopener\">http:\/\/www.otimroepmq.ca\/wp-content\/uploads\/2017\/03\/EchoX_vol37no1_WEB.pdf\u00a0<\/a><\/p>\n","protected":false},"excerpt":{"rendered":"<p>En mars 2017, Karine Schutt-A\u00een\u00e9, technologue en \u00e9lectrophysiologie m\u00e9dicale de l\u2019H\u00f4pital Charles-Le Moyne, publiait un article dans le magazine de l\u2019Ordre des technologistes en imagerie m\u00e9dicale, en radio-oncologie et en \u00e9lectrophysiologie m\u00e9dicale du Qu\u00e9bec, \u00c9choX. Cette nouvelle avait d\u2019ailleurs fait &hellip; <a href=\"https:\/\/santemc.quebec\/icentre\/larticle-dune-employee-de-lhopital-charles-le-moyne-publie-dans-un-magazine-scientifique-americain\/\">Continuer la lecture <span class=\"meta-nav\">&rarr;<\/span><\/a><\/p>\n","protected":false},"author":9,"featured_media":0,"comment_status":"open","ping_status":"closed","sticky":false,"template":"","format":"standard","meta":{"footnotes":""},"categories":[1],"tags":[],"_links":{"self":[{"href":"https:\/\/santemc.quebec\/icentre\/wp-json\/wp\/v2\/posts\/8878"}],"collection":[{"href":"https:\/\/santemc.quebec\/icentre\/wp-json\/wp\/v2\/posts"}],"about":[{"href":"https:\/\/santemc.quebec\/icentre\/wp-json\/wp\/v2\/types\/post"}],"author":[{"embeddable":true,"href":"https:\/\/santemc.quebec\/icentre\/wp-json\/wp\/v2\/users\/9"}],"replies":[{"embeddable":true,"href":"https:\/\/santemc.quebec\/icentre\/wp-json\/wp\/v2\/comments?post=8878"}],"version-history":[{"count":2,"href":"https:\/\/santemc.quebec\/icentre\/wp-json\/wp\/v2\/posts\/8878\/revisions"}],"predecessor-version":[{"id":9120,"href":"https:\/\/santemc.quebec\/icentre\/wp-json\/wp\/v2\/posts\/8878\/revisions\/9120"}],"wp:attachment":[{"href":"https:\/\/santemc.quebec\/icentre\/wp-json\/wp\/v2\/media?parent=8878"}],"wp:term":[{"taxonomy":"category","embeddable":true,"href":"https:\/\/santemc.quebec\/icentre\/wp-json\/wp\/v2\/categories?post=8878"},{"taxonomy":"post_tag","embeddable":true,"href":"https:\/\/santemc.quebec\/icentre\/wp-json\/wp\/v2\/tags?post=8878"}],"curies":[{"name":"wp","href":"https:\/\/api.w.org\/{rel}","templated":true}]}}