{"id":8937,"date":"2018-11-29T10:02:19","date_gmt":"2018-11-29T15:02:19","guid":{"rendered":"http:\/\/santemc.quebec\/icentre\/?p=8937"},"modified":"2018-11-29T15:21:08","modified_gmt":"2018-11-29T20:21:08","slug":"la-30e-edition-de-la-journee-mondiale-de-lutte-contre-le-sida-aura-pour-theme-connais-ton-statut","status":"publish","type":"post","link":"https:\/\/santemc.quebec\/icentre\/la-30e-edition-de-la-journee-mondiale-de-lutte-contre-le-sida-aura-pour-theme-connais-ton-statut\/","title":{"rendered":"Journ\u00e9e mondiale du sida"},"content":{"rendered":"<p>Ce samedi\u00a01<sup>er<\/sup>\u00a0d\u00e9cembre 2018, la\u00a030<sup>e<\/sup>\u00a0\u00e9dition de la Journ\u00e9e mondiale du sida aura pour th\u00e8me\u00a0\u00ab\u00a0Connais ton statut\u00a0\u00bb.<\/p>\n<p><!--more--><\/p>\n<p>Les\u00a0<strong>services int\u00e9gr\u00e9s de d\u00e9pistage et de pr\u00e9vention\u00a0<\/strong>(SIDEP) du CISSS de la Mont\u00e9r\u00e9gie-Centre sont l\u00e0 pour \u00e7a!\u00a0Si vous faites partie\u00a0d&rsquo;un\u00a0des groupes vis\u00e9s,\u00a0ou connaissez quelqu&rsquo;un qui en fait partie,\u00a0n&rsquo;h\u00e9sitez pas \u00e0\u00a0consulter ou \u00e0\u00a0faire conna\u00eetre nos\u00a0<strong>SIDEP<\/strong>.<\/p>\n<p><strong>\u00a0<\/strong><strong>\u00c0 qui s\u2019adressent <\/strong><strong>ces services?<\/strong><\/p>\n<ul>\n<li>Hommes ayant des relations sexuelles avec des hommes (HARSAH)<\/li>\n<li>Personnes \u00abtrans\u00bb<\/li>\n<li>Utilisateurs de drogues par injection ou inhalation\u00a0(UDI)<\/li>\n<li>Travailleuses (travailleurs) du sexe<\/li>\n<li>Jeunes en difficult\u00e9 (les jeunes de la rue, les jeunes en centre de protection de l\u2019enfance et de la jeunesse, les jeunes qui consomment des substances psychoactives, etc.)<\/li>\n<li>Personnes en provenance de pays o\u00f9 l\u2019infection par le VIH est tr\u00e8s pr\u00e9sente<\/li>\n<li>Personnes incarc\u00e9r\u00e9es<\/li>\n<li>Autochtones<\/li>\n<\/ul>\n<p><a href=\"http:\/\/santemc.quebec\/santemc\/icentre\/wp-content\/uploads\/2018\/11\/tableau1.png\"><img decoding=\"async\" loading=\"lazy\" class=\"alignleft wp-image-8952 size-full\" src=\"http:\/\/santemc.quebec\/santemc\/icentre\/wp-content\/uploads\/2018\/11\/tableau1.png\" alt=\"\" width=\"1824\" height=\"486\" srcset=\"https:\/\/santemc.quebec\/santemc\/icentre\/wp-content\/uploads\/2018\/11\/tableau1.png 1824w, https:\/\/santemc.quebec\/santemc\/icentre\/wp-content\/uploads\/2018\/11\/tableau1-300x80.png 300w, https:\/\/santemc.quebec\/santemc\/icentre\/wp-content\/uploads\/2018\/11\/tableau1-768x205.png 768w, https:\/\/santemc.quebec\/santemc\/icentre\/wp-content\/uploads\/2018\/11\/tableau1-1024x273.png 1024w, https:\/\/santemc.quebec\/santemc\/icentre\/wp-content\/uploads\/2018\/11\/tableau1-500x133.png 500w\" sizes=\"(max-width: 1824px) 100vw, 1824px\" \/><\/a><\/p>\n<p>&nbsp;<\/p>\n<p>Les<strong> HOMMES AYANT DES RELATIONS SEXUELLES AVEC D\u2019AUTRES\u00a0HOMMES<\/strong> peuvent aussi consulter les services de la <strong>Clinique SIDEP + Mont\u00e9r\u00e9gie-Centre.<\/strong><\/p>\n<p><a href=\"http:\/\/santemc.quebec\/santemc\/icentre\/wp-content\/uploads\/2018\/11\/tableau2.png\"><img decoding=\"async\" loading=\"lazy\" class=\"alignleft wp-image-8953 size-full\" src=\"http:\/\/santemc.quebec\/santemc\/icentre\/wp-content\/uploads\/2018\/11\/tableau2.png\" alt=\"\" width=\"2000\" height=\"820\" srcset=\"https:\/\/santemc.quebec\/santemc\/icentre\/wp-content\/uploads\/2018\/11\/tableau2.png 2000w, https:\/\/santemc.quebec\/santemc\/icentre\/wp-content\/uploads\/2018\/11\/tableau2-300x123.png 300w, https:\/\/santemc.quebec\/santemc\/icentre\/wp-content\/uploads\/2018\/11\/tableau2-768x315.png 768w, https:\/\/santemc.quebec\/santemc\/icentre\/wp-content\/uploads\/2018\/11\/tableau2-1024x420.png 1024w, https:\/\/santemc.quebec\/santemc\/icentre\/wp-content\/uploads\/2018\/11\/tableau2-500x205.png 500w\" sizes=\"(max-width: 2000px) 100vw, 2000px\" \/><\/a><\/p>\n","protected":false},"excerpt":{"rendered":"<p>Ce samedi\u00a01er\u00a0d\u00e9cembre 2018, la\u00a030e\u00a0\u00e9dition de la Journ\u00e9e mondiale du sida aura pour th\u00e8me\u00a0\u00ab\u00a0Connais ton statut\u00a0\u00bb.<\/p>\n","protected":false},"author":9,"featured_media":0,"comment_status":"open","ping_status":"closed","sticky":false,"template":"","format":"standard","meta":{"footnotes":""},"categories":[1],"tags":[],"_links":{"self":[{"href":"https:\/\/santemc.quebec\/icentre\/wp-json\/wp\/v2\/posts\/8937"}],"collection":[{"href":"https:\/\/santemc.quebec\/icentre\/wp-json\/wp\/v2\/posts"}],"about":[{"href":"https:\/\/santemc.quebec\/icentre\/wp-json\/wp\/v2\/types\/post"}],"author":[{"embeddable":true,"href":"https:\/\/santemc.quebec\/icentre\/wp-json\/wp\/v2\/users\/9"}],"replies":[{"embeddable":true,"href":"https:\/\/santemc.quebec\/icentre\/wp-json\/wp\/v2\/comments?post=8937"}],"version-history":[{"count":11,"href":"https:\/\/santemc.quebec\/icentre\/wp-json\/wp\/v2\/posts\/8937\/revisions"}],"predecessor-version":[{"id":8960,"href":"https:\/\/santemc.quebec\/icentre\/wp-json\/wp\/v2\/posts\/8937\/revisions\/8960"}],"wp:attachment":[{"href":"https:\/\/santemc.quebec\/icentre\/wp-json\/wp\/v2\/media?parent=8937"}],"wp:term":[{"taxonomy":"category","embeddable":true,"href":"https:\/\/santemc.quebec\/icentre\/wp-json\/wp\/v2\/categories?post=8937"},{"taxonomy":"post_tag","embeddable":true,"href":"https:\/\/santemc.quebec\/icentre\/wp-json\/wp\/v2\/tags?post=8937"}],"curies":[{"name":"wp","href":"https:\/\/api.w.org\/{rel}","templated":true}]}}