{"id":894,"date":"2015-10-09T13:59:41","date_gmt":"2015-10-09T17:59:41","guid":{"rendered":"http:\/\/santemc.quebec\/icentre\/?p=894"},"modified":"2015-10-09T15:55:34","modified_gmt":"2015-10-09T19:55:34","slug":"le-directeur-de-sante-publique-tient-a-rappeler-limportance-de-la-vaccination-contre-le-vph","status":"publish","type":"post","link":"https:\/\/santemc.quebec\/icentre\/le-directeur-de-sante-publique-tient-a-rappeler-limportance-de-la-vaccination-contre-le-vph\/","title":{"rendered":"Le directeur de sant\u00e9 publique tient \u00e0 rappeler l&rsquo;importance de la vaccination contre le VPH"},"content":{"rendered":"<p>Je souhaite aujourd&rsquo;hui joindre ma voix \u00e0 celle de l&rsquo;Alliance canadienne pour l&rsquo;Immunisation (ACI) ainsi qu&rsquo;\u00e0 celle du directeur national de sant\u00e9 publique, Dr Horacio Arruda, pour appuyer le bien-fond\u00e9 du programme de vaccination contre le VPH. Je rappelle que la science est claire : le vaccin demeure le meilleur moyen de protection contre les infections par les VPH et leurs complications.<!--more--><\/p>\n<p>En suivi \u00e0 la lettre ouverte publi\u00e9e dans Le Devoir par trois chercheuses r\u00e9clamant un moratoire sur le programme de vaccination contre le VPH, un groupe d&rsquo;experts canadiens, l&rsquo;Alliance Canadienne pour l&rsquo;Immunisation (ACI) a envoy\u00e9 une r\u00e9ponse en appui au programme, qualifiant d&rsquo;irresponsable cette demande de moratoire et d\u00e9mentant une \u00e0 une les all\u00e9gations mises de l&rsquo;avant par ces auteures. Cette lettre a \u00e9t\u00e9 publi\u00e9e le 8 octobre dans <a href=\"http:\/\/www.ledevoir.com\/societe\/sante\/451978\/la-replique-vaccination-contre-le-vph-une-prise-de-position-irresponsable\" target=\"_blank\">Le Devoir<\/a>.<\/p>\n<p>Cette correspondace a \u00e9galement \u00e9t\u00e9 diffus\u00e9e aux infirmi\u00e8res scolaires afin de les aider \u00e0 contrer les fausset\u00e9s rapport\u00e9es dans l&rsquo;appel au moratoire et r\u00e9pondre aux craintes des parents.<\/p>\n<p>Voici deux autres articles parus en r\u00e9ponse \u00e0 cette pol\u00e9mique, qui montre \u00e0 quel point nous demeurons vuln\u00e9rables aux interventions malheureuses de quelques individus alors que le consensus scientifique est bien \u00e9tabli :<\/p>\n<ul>\n<li>Article publi\u00e9 dans le <a href=\"http:\/\/news.nationalpost.com\/news\/canada\/concordia-professor-condemns-hpv-vaccine-after-winning-270k-federal-grant-to-study-it\" target=\"_blank\">National Post<\/a><\/li>\n<li>Article publi\u00e9 dans <a href=\"http:\/\/www.lapresse.ca\/actualites\/sante\/201510\/09\/01-4908214-vaccin-contre-le-vph-la-sante-publique-sinquiete-des-critiques.php\" target=\"_blank\">La Presse <\/a><\/li>\n<\/ul>\n<p>Pour plus de d\u00e9tails sur la vaccination contre le VPH, je vous invite \u00e0 consulter le <a href=\"http:\/\/sante.gouv.qc.ca\/conseils-et-prevention\/vaccin-contre-les-infections-par-les-virus-du-papillome-humain-vph\" target=\"_blank\">Portail sant\u00e9 mieux-\u00eatre<\/a>.<\/p>\n<p>Dr Jean Rodrigue<br \/>\nDirecteur de sant\u00e9 publique de la Mont\u00e9r\u00e9gie<\/p>\n","protected":false},"excerpt":{"rendered":"<p>Je souhaite aujourd&rsquo;hui joindre ma voix \u00e0 celle de l&rsquo;Alliance canadienne pour l&rsquo;Immunisation (ACI) ainsi qu&rsquo;\u00e0 celle du directeur national de sant\u00e9 publique, Dr Horacio Arruda, pour appuyer le bien-fond\u00e9 du programme de vaccination contre le VPH. Je rappelle que &hellip; <a href=\"https:\/\/santemc.quebec\/icentre\/le-directeur-de-sante-publique-tient-a-rappeler-limportance-de-la-vaccination-contre-le-vph\/\">Continuer la lecture <span class=\"meta-nav\">&rarr;<\/span><\/a><\/p>\n","protected":false},"author":1,"featured_media":0,"comment_status":"open","ping_status":"closed","sticky":false,"template":"","format":"standard","meta":{"footnotes":""},"categories":[1],"tags":[11],"_links":{"self":[{"href":"https:\/\/santemc.quebec\/icentre\/wp-json\/wp\/v2\/posts\/894"}],"collection":[{"href":"https:\/\/santemc.quebec\/icentre\/wp-json\/wp\/v2\/posts"}],"about":[{"href":"https:\/\/santemc.quebec\/icentre\/wp-json\/wp\/v2\/types\/post"}],"author":[{"embeddable":true,"href":"https:\/\/santemc.quebec\/icentre\/wp-json\/wp\/v2\/users\/1"}],"replies":[{"embeddable":true,"href":"https:\/\/santemc.quebec\/icentre\/wp-json\/wp\/v2\/comments?post=894"}],"version-history":[{"count":4,"href":"https:\/\/santemc.quebec\/icentre\/wp-json\/wp\/v2\/posts\/894\/revisions"}],"predecessor-version":[{"id":900,"href":"https:\/\/santemc.quebec\/icentre\/wp-json\/wp\/v2\/posts\/894\/revisions\/900"}],"wp:attachment":[{"href":"https:\/\/santemc.quebec\/icentre\/wp-json\/wp\/v2\/media?parent=894"}],"wp:term":[{"taxonomy":"category","embeddable":true,"href":"https:\/\/santemc.quebec\/icentre\/wp-json\/wp\/v2\/categories?post=894"},{"taxonomy":"post_tag","embeddable":true,"href":"https:\/\/santemc.quebec\/icentre\/wp-json\/wp\/v2\/tags?post=894"}],"curies":[{"name":"wp","href":"https:\/\/api.w.org\/{rel}","templated":true}]}}