{"id":8941,"date":"2018-11-28T13:48:14","date_gmt":"2018-11-28T18:48:14","guid":{"rendered":"http:\/\/santemc.quebec\/icentre\/?p=8941"},"modified":"2018-11-28T13:48:43","modified_gmt":"2018-11-28T18:48:43","slug":"signature-dune-entente-de-collaboration-pour-le-bien-etre-des-aines-du-haut-richelieu","status":"publish","type":"post","link":"https:\/\/santemc.quebec\/icentre\/signature-dune-entente-de-collaboration-pour-le-bien-etre-des-aines-du-haut-richelieu\/","title":{"rendered":"Signature d\u2019une entente de collaboration pour le bien-\u00eatre des a\u00een\u00e9s du Haut-Richelieu"},"content":{"rendered":"<div id=\"attachment_8942\" style=\"width: 160px\" class=\"wp-caption alignleft\"><a href=\"http:\/\/santemc.quebec\/santemc\/icentre\/wp-content\/uploads\/2018\/11\/Image-radar-i-centre.jpg\"><img aria-describedby=\"caption-attachment-8942\" decoding=\"async\" loading=\"lazy\" class=\"wp-image-8942 size-thumbnail\" src=\"http:\/\/santemc.quebec\/santemc\/icentre\/wp-content\/uploads\/2018\/11\/Image-radar-i-centre-150x150.jpg\" alt=\"\" width=\"150\" height=\"150\" \/><\/a><p id=\"caption-attachment-8942\" class=\"wp-caption-text\">Mme Nathalie Ferguson, coordonnatrice, Direction du programme de soutien \u00e0 l\u2019autonomie des personnes \u00e2g\u00e9es \u2013volet soutien \u00e0 domicile adressant un mot au nom du CISSS de la Mont\u00e9r\u00e9gie-Centre lors de la conf\u00e9rence de presse.<\/p><\/div>\n<p>Le 13 novembre dernier, la Table de concertation des a\u00een\u00e9s du Haut-Richelieu a annonc\u00e9 la signature d\u2019une entente de collaboration avec de nombreux partenaires locaux visant \u00e0 implanter <a href=\"http:\/\/www.projetradar.org\/\" target=\"_blank\" rel=\"noopener\">le projet RADAR<\/a> (R\u00e9seau Actif de D\u00e9pistage des A\u00een\u00e9s \u00e0 Risque) sur le territoire de la MRC du Haut-Richelieu.<\/p>\n<p><!--more--><\/p>\n<p>Le projet RADAR en est un de vigilance citoyenne qui a pour but de briser l\u2019isolement et de favoriser le mieux-\u00eatre des a\u00een\u00e9s dans leur milieu de vie naturel, et ce, dans un environnement optimal de sant\u00e9 et de s\u00e9curit\u00e9. Les a\u00een\u00e9s participant au projet RADAR seront orient\u00e9s vers les services appropri\u00e9s \u00e0 leurs besoins. L\u2019objectif\u00a0ultime est de les entourer afin qu\u2019ils se sentent en s\u00e9curit\u00e9 et \u00e9paul\u00e9s dans leur quotidien et ainsi am\u00e9liorer leur qualit\u00e9 de vie.<\/p>\n<p>Les diff\u00e9rents signataires de l\u2019entente travailleront en \u00e9troite collaboration dans le but d\u2019assurer la facilit\u00e9 d\u2019acc\u00e8s aux services d\u2019aide appropri\u00e9s aux a\u00een\u00e9s d\u00e9pist\u00e9s.<\/p>\n<p>Liste des partenaires :<\/p>\n<ul>\n<li>Ville de Saint-Jean-sur-Richelieu<\/li>\n<li>CISSS Mont\u00e9r\u00e9gie Centre installation du CLSC de la Vall\u00e9e-des-Forts<\/li>\n<li>Centre d\u2019action b\u00e9n\u00e9vole de Saint-Jean-sur-Richelieu<\/li>\n<li>Centre d\u2019action b\u00e9n\u00e9vole d\u2019Iberville<\/li>\n<li>Centre d\u2019action b\u00e9n\u00e9vole de la Fronti\u00e8re<\/li>\n<li>Centre d\u2019action b\u00e9n\u00e9vole Interaction<\/li>\n<li>Centre d\u2019entraide r\u00e9gional d\u2019Henryville<\/li>\n<\/ul>\n","protected":false},"excerpt":{"rendered":"<p>Le 13 novembre dernier, la Table de concertation des a\u00een\u00e9s du Haut-Richelieu a annonc\u00e9 la signature d\u2019une entente de collaboration avec de nombreux partenaires locaux visant \u00e0 implanter le projet RADAR (R\u00e9seau Actif de D\u00e9pistage des A\u00een\u00e9s \u00e0 Risque) sur &hellip; <a href=\"https:\/\/santemc.quebec\/icentre\/signature-dune-entente-de-collaboration-pour-le-bien-etre-des-aines-du-haut-richelieu\/\">Continuer la lecture <span class=\"meta-nav\">&rarr;<\/span><\/a><\/p>\n","protected":false},"author":9,"featured_media":0,"comment_status":"open","ping_status":"closed","sticky":false,"template":"","format":"standard","meta":{"footnotes":""},"categories":[1],"tags":[],"_links":{"self":[{"href":"https:\/\/santemc.quebec\/icentre\/wp-json\/wp\/v2\/posts\/8941"}],"collection":[{"href":"https:\/\/santemc.quebec\/icentre\/wp-json\/wp\/v2\/posts"}],"about":[{"href":"https:\/\/santemc.quebec\/icentre\/wp-json\/wp\/v2\/types\/post"}],"author":[{"embeddable":true,"href":"https:\/\/santemc.quebec\/icentre\/wp-json\/wp\/v2\/users\/9"}],"replies":[{"embeddable":true,"href":"https:\/\/santemc.quebec\/icentre\/wp-json\/wp\/v2\/comments?post=8941"}],"version-history":[{"count":2,"href":"https:\/\/santemc.quebec\/icentre\/wp-json\/wp\/v2\/posts\/8941\/revisions"}],"predecessor-version":[{"id":8949,"href":"https:\/\/santemc.quebec\/icentre\/wp-json\/wp\/v2\/posts\/8941\/revisions\/8949"}],"wp:attachment":[{"href":"https:\/\/santemc.quebec\/icentre\/wp-json\/wp\/v2\/media?parent=8941"}],"wp:term":[{"taxonomy":"category","embeddable":true,"href":"https:\/\/santemc.quebec\/icentre\/wp-json\/wp\/v2\/categories?post=8941"},{"taxonomy":"post_tag","embeddable":true,"href":"https:\/\/santemc.quebec\/icentre\/wp-json\/wp\/v2\/tags?post=8941"}],"curies":[{"name":"wp","href":"https:\/\/api.w.org\/{rel}","templated":true}]}}