{"id":8961,"date":"2018-11-30T09:20:38","date_gmt":"2018-11-30T14:20:38","guid":{"rendered":"http:\/\/santemc.quebec\/icentre\/?p=8961"},"modified":"2018-11-30T10:25:45","modified_gmt":"2018-11-30T15:25:45","slug":"reamenagement-des-services-ambulatoires-pediatriques-a-lhopital-du-haut-richelieu","status":"publish","type":"post","link":"https:\/\/santemc.quebec\/icentre\/reamenagement-des-services-ambulatoires-pediatriques-a-lhopital-du-haut-richelieu\/","title":{"rendered":"R\u00e9am\u00e9nagement des services ambulatoires p\u00e9diatriques \u00e0 l\u2019H\u00f4pital du Haut-Richelieu"},"content":{"rendered":"<div id=\"attachment_8962\" style=\"width: 160px\" class=\"wp-caption alignleft\"><a href=\"http:\/\/santemc.quebec\/santemc\/icentre\/wp-content\/uploads\/2018\/11\/aire_observation.png\"><img aria-describedby=\"caption-attachment-8962\" decoding=\"async\" loading=\"lazy\" class=\"wp-image-8962 size-thumbnail\" src=\"http:\/\/santemc.quebec\/santemc\/icentre\/wp-content\/uploads\/2018\/11\/aire_observation-150x150.png\" alt=\"\" width=\"150\" height=\"150\" \/><\/a><p id=\"caption-attachment-8962\" class=\"wp-caption-text\">Aire d&rsquo;observation<\/p><\/div>\n<p>Depuis le 5 novembre dernier, la m\u00e9decine ambulatoire p\u00e9diatrique de l\u2019H\u00f4pital du Haut-Richelieu accueille sa client\u00e8le dans de nouveaux locaux situ\u00e9s au rez-de-chauss\u00e9e de l\u2019h\u00f4pital.<\/p>\n<p><!--more--><\/p>\n<p>Par cons\u00e9quent, les enfants dont l\u2019\u00e9tat de sant\u00e9 n\u00e9cessite un suivi m\u00e9dical ou un suivi en m\u00e9decine ambulatoire aupr\u00e8s d\u2019un p\u00e9diatre sont dor\u00e9navant dirig\u00e9s vers ce nouveau service de m\u00e9decine ambulatoire. On y retrouve une aire d\u2019observation, 2 salles de consultation ainsi qu\u2019une aire d\u2019attente.<\/p>\n<p>La relocalisation de la m\u00e9decine ambulatoire p\u00e9diatrique au rez-de-chauss\u00e9e de l\u2019h\u00f4pital facilite non seulement l\u2019acc\u00e8s \u00e0 nos services pour la population, mais contribue \u00e9galement \u00e0 diminuer les hospitalisations, tout comme leur dur\u00e9e. Cela permet d\u2019\u00e9viter les impacts n\u00e9gatifs reli\u00e9s \u00e0 une hospitalisation, autant pour l\u2019enfant que pour sa famille.<\/p>\n<p>Pour le moment, les heures d\u2019ouverture sont de 9 h \u00e0 17 h, du lundi au vendredi et pourraient \u00eatre adapt\u00e9es, selon les besoins cliniques. Il est \u00e0 noter que la client\u00e8le doit \u00eatre accept\u00e9e et prise en charge par l&rsquo;\u00e9quipe de p\u00e9diatres de l\u2019unit\u00e9 de soins p\u00e9diatriques.<\/p>\n<p>L\u2019am\u00e9nagement de ce nouvel environnement fonctionnel et chaleureux a \u00e9t\u00e9 rendu possible, entre autres, gr\u00e2ce \u00e0 la contribution financi\u00e8re de la Fondation Sant\u00e9, Op\u00e9ration Enfant Soleil et \u00e0 l\u2019engagement du personnel de la m\u00e9decine ambulatoire. Merci \u00e0 tous ceux et celles qui ont particip\u00e9 \u00e0 ce projet.<\/p>\n<p>Pour plus d\u2019information sur les services offerts en m\u00e9decine ambulatoire p\u00e9diatrique \u00e0 l\u2019H\u00f4pital du Haut-Richelieu, vous pouvez communiquer avec Arianne Poirier, chef de l&rsquo;unit\u00e9 p\u00e9diatrie, m\u00e9decine ambulatoire p\u00e9diatrique et programme sant\u00e9 parentale et infantile HRR au 450\u00a0359-5000, poste 5544.<\/p>\n<div id=\"attachment_8965\" style=\"width: 256px\" class=\"wp-caption alignright\"><a href=\"http:\/\/santemc.quebec\/santemc\/icentre\/wp-content\/uploads\/2018\/11\/salle_consultation.png\"><img aria-describedby=\"caption-attachment-8965\" decoding=\"async\" loading=\"lazy\" class=\"wp-image-8965 size-medium\" src=\"http:\/\/santemc.quebec\/santemc\/icentre\/wp-content\/uploads\/2018\/11\/salle_consultation-246x300.png\" alt=\"\" width=\"246\" height=\"300\" srcset=\"https:\/\/santemc.quebec\/santemc\/icentre\/wp-content\/uploads\/2018\/11\/salle_consultation-246x300.png 246w, https:\/\/santemc.quebec\/santemc\/icentre\/wp-content\/uploads\/2018\/11\/salle_consultation.png 567w\" sizes=\"(max-width: 246px) 100vw, 246px\" \/><\/a><p id=\"caption-attachment-8965\" class=\"wp-caption-text\">Salle de consultation<\/p><\/div>\n<div id=\"attachment_8964\" style=\"width: 211px\" class=\"wp-caption alignleft\"><a href=\"http:\/\/santemc.quebec\/santemc\/icentre\/wp-content\/uploads\/2018\/11\/poste_infirmier.jpg\"><img aria-describedby=\"caption-attachment-8964\" decoding=\"async\" loading=\"lazy\" class=\"wp-image-8964 size-medium\" src=\"http:\/\/santemc.quebec\/santemc\/icentre\/wp-content\/uploads\/2018\/11\/poste_infirmier-201x300.jpg\" alt=\"\" width=\"201\" height=\"300\" srcset=\"https:\/\/santemc.quebec\/santemc\/icentre\/wp-content\/uploads\/2018\/11\/poste_infirmier-201x300.jpg 201w, https:\/\/santemc.quebec\/santemc\/icentre\/wp-content\/uploads\/2018\/11\/poste_infirmier.jpg 594w\" sizes=\"(max-width: 201px) 100vw, 201px\" \/><\/a><p id=\"caption-attachment-8964\" class=\"wp-caption-text\">Poste infirmier<\/p><\/div>\n<div id=\"attachment_8963\" style=\"width: 269px\" class=\"wp-caption aligncenter\"><a href=\"http:\/\/santemc.quebec\/santemc\/icentre\/wp-content\/uploads\/2018\/11\/aire_attente.png\"><img aria-describedby=\"caption-attachment-8963\" decoding=\"async\" loading=\"lazy\" class=\"wp-image-8963 size-medium\" src=\"http:\/\/santemc.quebec\/santemc\/icentre\/wp-content\/uploads\/2018\/11\/aire_attente-259x300.png\" alt=\"\" width=\"259\" height=\"300\" srcset=\"https:\/\/santemc.quebec\/santemc\/icentre\/wp-content\/uploads\/2018\/11\/aire_attente-259x300.png 259w, https:\/\/santemc.quebec\/santemc\/icentre\/wp-content\/uploads\/2018\/11\/aire_attente.png 568w\" sizes=\"(max-width: 259px) 100vw, 259px\" \/><\/a><p id=\"caption-attachment-8963\" class=\"wp-caption-text\">Aire d&rsquo;attente<\/p><\/div>\n","protected":false},"excerpt":{"rendered":"<p>Depuis le 5 novembre dernier, la m\u00e9decine ambulatoire p\u00e9diatrique de l\u2019H\u00f4pital du Haut-Richelieu accueille sa client\u00e8le dans de nouveaux locaux situ\u00e9s au rez-de-chauss\u00e9e de l\u2019h\u00f4pital.<\/p>\n","protected":false},"author":9,"featured_media":0,"comment_status":"open","ping_status":"closed","sticky":false,"template":"","format":"standard","meta":{"footnotes":""},"categories":[1],"tags":[],"_links":{"self":[{"href":"https:\/\/santemc.quebec\/icentre\/wp-json\/wp\/v2\/posts\/8961"}],"collection":[{"href":"https:\/\/santemc.quebec\/icentre\/wp-json\/wp\/v2\/posts"}],"about":[{"href":"https:\/\/santemc.quebec\/icentre\/wp-json\/wp\/v2\/types\/post"}],"author":[{"embeddable":true,"href":"https:\/\/santemc.quebec\/icentre\/wp-json\/wp\/v2\/users\/9"}],"replies":[{"embeddable":true,"href":"https:\/\/santemc.quebec\/icentre\/wp-json\/wp\/v2\/comments?post=8961"}],"version-history":[{"count":2,"href":"https:\/\/santemc.quebec\/icentre\/wp-json\/wp\/v2\/posts\/8961\/revisions"}],"predecessor-version":[{"id":8967,"href":"https:\/\/santemc.quebec\/icentre\/wp-json\/wp\/v2\/posts\/8961\/revisions\/8967"}],"wp:attachment":[{"href":"https:\/\/santemc.quebec\/icentre\/wp-json\/wp\/v2\/media?parent=8961"}],"wp:term":[{"taxonomy":"category","embeddable":true,"href":"https:\/\/santemc.quebec\/icentre\/wp-json\/wp\/v2\/categories?post=8961"},{"taxonomy":"post_tag","embeddable":true,"href":"https:\/\/santemc.quebec\/icentre\/wp-json\/wp\/v2\/tags?post=8961"}],"curies":[{"name":"wp","href":"https:\/\/api.w.org\/{rel}","templated":true}]}}