{"id":8975,"date":"2018-12-03T11:10:34","date_gmt":"2018-12-03T16:10:34","guid":{"rendered":"http:\/\/santemc.quebec\/icentre\/?p=8975"},"modified":"2018-12-03T11:10:34","modified_gmt":"2018-12-03T16:10:34","slug":"felicitations-a-anne-plante-laureate-du-prix-distinction-de-lassociation-canadienne-des-infirmieres-en-oncologie","status":"publish","type":"post","link":"https:\/\/santemc.quebec\/icentre\/felicitations-a-anne-plante-laureate-du-prix-distinction-de-lassociation-canadienne-des-infirmieres-en-oncologie\/","title":{"rendered":"F\u00e9licitations \u00e0 Anne Plante laur\u00e9ate du prix Distinction de l\u2019Association canadienne des infirmi\u00e8res en oncologie!"},"content":{"rendered":"<div id=\"attachment_8976\" style=\"width: 310px\" class=\"wp-caption alignleft\"><a href=\"http:\/\/santemc.quebec\/santemc\/icentre\/wp-content\/uploads\/2018\/12\/anne-plante-i-centre.jpg\"><img aria-describedby=\"caption-attachment-8976\" decoding=\"async\" loading=\"lazy\" class=\"wp-image-8976 size-medium\" src=\"http:\/\/santemc.quebec\/santemc\/icentre\/wp-content\/uploads\/2018\/12\/anne-plante-i-centre-300x200.jpg\" alt=\"\" width=\"300\" height=\"200\" srcset=\"https:\/\/santemc.quebec\/santemc\/icentre\/wp-content\/uploads\/2018\/12\/anne-plante-i-centre-300x200.jpg 300w, https:\/\/santemc.quebec\/santemc\/icentre\/wp-content\/uploads\/2018\/12\/anne-plante-i-centre-768x511.jpg 768w, https:\/\/santemc.quebec\/santemc\/icentre\/wp-content\/uploads\/2018\/12\/anne-plante-i-centre-1024x682.jpg 1024w, https:\/\/santemc.quebec\/santemc\/icentre\/wp-content\/uploads\/2018\/12\/anne-plante-i-centre-451x300.jpg 451w, https:\/\/santemc.quebec\/santemc\/icentre\/wp-content\/uploads\/2018\/12\/anne-plante-i-centre.jpg 1280w\" sizes=\"(max-width: 300px) 100vw, 300px\" \/><\/a><p id=\"caption-attachment-8976\" class=\"wp-caption-text\">De gauche \u00e0 droite : Roxanne Trahan, assistante infirmi\u00e8re-chef au CICM; Anne Plante, infirmi\u00e8re en oncologie et conseill\u00e8re-cadre; Maryse Carignan, pr\u00e9sidente de l\u2019Association qu\u00e9b\u00e9coise des infirmi\u00e8res en oncologie et Alexis Parent, candidat \u00e9tudiant \u00e0 la profession d\u2019infirmi\u00e8re<\/p><\/div>\n<p>C\u2019est lors du plus r\u00e9cent congr\u00e8s annuel de l\u2019Association canadienne des infirmi\u00e8res en oncologie (ACIO) qu\u2019Anne Plante, infirmi\u00e8re et conseill\u00e8re-cadre en oncologie \u00e0 la Direction des soins infirmiers volet oncologie\u00a0au Centre int\u00e9gr\u00e9 de canc\u00e9rologie de la Mont\u00e9r\u00e9gie (CICM), s\u2019est vu remettre le prix Distinction 2018. Ce prix est remis \u00e0 une infirmi\u00e8re qui s\u2019est d\u00e9marqu\u00e9e, tout au long de sa carri\u00e8re, par son engagement dans les soins infirmiers en oncologie, son dynamisme de transformation vers une pratique probante et sa motivation \u00e0 toujours centrer les soins vers la personne et son entourage.<\/p>\n<p><!--more--><\/p>\n<p>Mme Plante a \u00e9t\u00e9 l\u2019une des partenaires instigatrices du CICM. Elle est d\u2019ailleurs toujours aussi impliqu\u00e9e en ce qui a trait \u00e0 la formation pour le Centre et pour le R\u00e9seau de canc\u00e9rologie de la Mont\u00e9r\u00e9gie (RCM) en soutenant les infirmi\u00e8res dans une pratique probante pour des soins de qualit\u00e9 autant au plan clinique que psychologique pour la client\u00e8le en oncologie.<\/p>\n<p>Il est impressionnant de souligner que la candidature de Mme Plante a \u00e9t\u00e9 choisie parmi celles re\u00e7ues de partout au pays.<\/p>\n<p>\u00ab C\u2019est gr\u00e2ce au soutien de la direction de l\u2019\u00e9tablissement et du travail acharn\u00e9 des \u00e9quipes du CICM et du R\u00e9seau de canc\u00e9rologie de la Mont\u00e9r\u00e9gie (RCM) que nous pouvons assurer une qualit\u00e9 de soins reconnue dans tout le Qu\u00e9bec et un travail interdisciplinaire efficace, \u00bb a tenu \u00e0 mentionner Mme Plante.<\/p>\n<p>F\u00e9licitations pour cette distinction!<\/p>\n","protected":false},"excerpt":{"rendered":"<p>C\u2019est lors du plus r\u00e9cent congr\u00e8s annuel de l\u2019Association canadienne des infirmi\u00e8res en oncologie (ACIO) qu\u2019Anne Plante, infirmi\u00e8re et conseill\u00e8re-cadre en oncologie \u00e0 la Direction des soins infirmiers volet oncologie\u00a0au Centre int\u00e9gr\u00e9 de canc\u00e9rologie de la Mont\u00e9r\u00e9gie (CICM), s\u2019est vu &hellip; <a href=\"https:\/\/santemc.quebec\/icentre\/felicitations-a-anne-plante-laureate-du-prix-distinction-de-lassociation-canadienne-des-infirmieres-en-oncologie\/\">Continuer la lecture <span class=\"meta-nav\">&rarr;<\/span><\/a><\/p>\n","protected":false},"author":9,"featured_media":0,"comment_status":"open","ping_status":"closed","sticky":false,"template":"","format":"standard","meta":{"footnotes":""},"categories":[1],"tags":[],"_links":{"self":[{"href":"https:\/\/santemc.quebec\/icentre\/wp-json\/wp\/v2\/posts\/8975"}],"collection":[{"href":"https:\/\/santemc.quebec\/icentre\/wp-json\/wp\/v2\/posts"}],"about":[{"href":"https:\/\/santemc.quebec\/icentre\/wp-json\/wp\/v2\/types\/post"}],"author":[{"embeddable":true,"href":"https:\/\/santemc.quebec\/icentre\/wp-json\/wp\/v2\/users\/9"}],"replies":[{"embeddable":true,"href":"https:\/\/santemc.quebec\/icentre\/wp-json\/wp\/v2\/comments?post=8975"}],"version-history":[{"count":1,"href":"https:\/\/santemc.quebec\/icentre\/wp-json\/wp\/v2\/posts\/8975\/revisions"}],"predecessor-version":[{"id":8977,"href":"https:\/\/santemc.quebec\/icentre\/wp-json\/wp\/v2\/posts\/8975\/revisions\/8977"}],"wp:attachment":[{"href":"https:\/\/santemc.quebec\/icentre\/wp-json\/wp\/v2\/media?parent=8975"}],"wp:term":[{"taxonomy":"category","embeddable":true,"href":"https:\/\/santemc.quebec\/icentre\/wp-json\/wp\/v2\/categories?post=8975"},{"taxonomy":"post_tag","embeddable":true,"href":"https:\/\/santemc.quebec\/icentre\/wp-json\/wp\/v2\/tags?post=8975"}],"curies":[{"name":"wp","href":"https:\/\/api.w.org\/{rel}","templated":true}]}}